{"id":80431,"date":"2025-07-31T10:50:00","date_gmt":"2025-07-31T08:50:00","guid":{"rendered":"https:\/\/www.comau.com\/?p=80431"},"modified":"2025-08-12T13:57:41","modified_gmt":"2025-08-12T11:57:41","slug":"il-ceo-di-comau-pietro-gorlier-automazione-intelligente-flessibile-e-collaborativa-per-il-futuro-dellindustria-dallauto-alla-logistica","status":"publish","type":"post","link":"https:\/\/www.comau.com\/it\/2025\/07\/31\/il-ceo-di-comau-pietro-gorlier-automazione-intelligente-flessibile-e-collaborativa-per-il-futuro-dellindustria-dallauto-alla-logistica\/","title":{"rendered":"Il CEO di Comau, Pietro Gorlier: automazione intelligente, flessibile e collaborativa per il futuro dell\u2019industria, dall\u2019auto alla logistica."},"content":{"rendered":"\n<p>In un contesto economico caratterizzato da profonda instabilit\u00e0, le tecnologie di automazione e la flessibilit\u00e0 dei processi sono fondamentali per conservare la competitivit\u00e0 del sistema industriale a livello globale. Ne ha parlato il CEO di Comau, Pietro Gorlier durante una serie di incontri nei quali ha partecipato nelle ultime settimane. In particolare, nel corso dell\u2019Automotive News Europe Congress che ha riunito i vertici europei dell\u2019industria automobilistica al Mauto di Torino, Gorlier ha sottolineato l\u2019importanza di \u201cpuntare su soluzioni tecnologiche capaci di adattarsi ai cambiamenti del mercato, in tempi ridotti e con costi contenuti\u201d, come evidenziato da un <a href=\"https:\/\/www.lastampa.it\/torino\/2025\/06\/13\/news\/ai_automotive_convegno_mauto-15189376\/\" target=\"_blank\" rel=\"noreferrer noopener\">articolo del quotidiano La Stampa<\/a> e da una notizia di Radiocor. Commentando la partecipazione di Comau all\u2019evento, Askanews ha precisato che secondo il CEO dell\u2019azienda \u201cl&#8217;IA ha un ruolo fondamentale, grazie ai benefici che pu\u00f2 generare\u201d, portando a riduzioni fino al 50% del tempo di programmazione degli impianti e alla creazione di Digital Twin per simulare e ottimizzare le applicazioni robotizzate \u2013 come sperimentato in processi interni Comau. Ulteriori potenzialit\u00e0 di sviluppo arrivano anche dalla \u201ccombinazione di automazione tradizionale e nuove tecnologie, come la robotica collaborativa e indossabile\u201d, ha riportato una nota di Adnkronos e di Agi. Durante il Cscmp Supply Chain Edge Europe 2025 di Verona, Pietro Gorlier ha inoltre affermato che \u201csoluzioni automatizzate avanzate ottimizzano efficienza e costi, aumentano flessibilit\u00e0 e adattabilit\u00e0, mitigano i rischi di mercato, migliorando tracciabilit\u00e0 e trasparenza della supply chain\u201d nella logistica e nella gestione del magazzino \u2013 come rilevato da Ansa. Applicazioni per cui Comau propone un portafoglio di prodotti arricchito da una nuova famiglia di robot mobili e collaborativi, oltre ad una presenza rafforzata dalla recente operazione volta all\u2019acquisizione di Automha, azienda italiana specializzata nell\u2019intralogistica e nell\u2019automazione per il magazzino.<\/p>\n","protected":false},"excerpt":{"rendered":"<p>In un contesto economico caratterizzato da profonda instabilit\u00e0, le tecnologie di automazione e la flessibilit\u00e0 dei processi sono fondamentali per conservare la competitivit\u00e0 del sistema industriale a livello globale. Ne ha parlato il CEO di Comau, Pietro Gorlier durante una serie di incontri nei quali ha partecipato nelle ultime settimane. In particolare, nel corso dell\u2019Automotive [&hellip;]<\/p>\n","protected":false},"author":19,"featured_media":80455,"comment_status":"closed","ping_status":"open","sticky":false,"template":"","format":"standard","meta":{"_acf_changed":false,"ep_exclude_from_search":false,"footnotes":""},"categories":[75],"tags":[],"class_list":["post-80431","post","type-post","status-publish","format-standard","has-post-thumbnail","hentry","category-highlights-it"],"acf":[],"yoast_head":"<!-- This site is optimized with the Yoast SEO plugin v26.9 - https:\/\/yoast.com\/product\/yoast-seo-wordpress\/ -->\n<title>CEO Comau al MAUTO<\/title>\n<meta name=\"description\" content=\"le tecnologie di automazione e la flessibilit\u00e0 dei processi i per conservare la competitivit\u00e0 del sistema industriale a livello globale. Ne ha parlato il CEO di Comau\" \/>\n<meta name=\"robots\" content=\"index, follow, max-snippet:-1, max-image-preview:large, max-video-preview:-1\" \/>\n<link rel=\"canonical\" href=\"https:\/\/www.comau.com\/it\/2025\/07\/31\/il-ceo-di-comau-pietro-gorlier-automazione-intelligente-flessibile-e-collaborativa-per-il-futuro-dellindustria-dallauto-alla-logistica\/\" \/>\n<meta property=\"og:locale\" content=\"it_IT\" \/>\n<meta property=\"og:type\" content=\"article\" \/>\n<meta property=\"og:title\" content=\"CEO Comau al MAUTO\" \/>\n<meta property=\"og:description\" content=\"le tecnologie di automazione e la flessibilit\u00e0 dei processi i per conservare la competitivit\u00e0 del sistema industriale a livello globale. Ne ha parlato il CEO di Comau\" \/>\n<meta property=\"og:url\" content=\"https:\/\/www.comau.com\/it\/2025\/07\/31\/il-ceo-di-comau-pietro-gorlier-automazione-intelligente-flessibile-e-collaborativa-per-il-futuro-dellindustria-dallauto-alla-logistica\/\" \/>\n<meta property=\"og:site_name\" content=\"Comau\" \/>\n<meta property=\"article:publisher\" content=\"https:\/\/www.facebook.com\/COMAU\/\" \/>\n<meta property=\"article:published_time\" content=\"2025-07-31T08:50:00+00:00\" \/>\n<meta property=\"article:modified_time\" content=\"2025-08-12T11:57:41+00:00\" \/>\n<meta property=\"og:image\" content=\"https:\/\/www.comau.com\/wp-content\/uploads\/2025\/07\/Header-Image-Pietro-Gorlier_Comau-CEO_1920x606px.jpg\" \/>\n\t<meta property=\"og:image:width\" content=\"1920\" \/>\n\t<meta property=\"og:image:height\" content=\"606\" \/>\n\t<meta property=\"og:image:type\" content=\"image\/jpeg\" \/>\n<meta name=\"author\" content=\"Stefania Bernabeo\" \/>\n<meta name=\"twitter:card\" content=\"summary_large_image\" \/>\n<meta name=\"twitter:creator\" content=\"@comaugroup\" \/>\n<meta name=\"twitter:site\" content=\"@comaugroup\" \/>\n<meta name=\"twitter:label1\" content=\"Scritto da\" \/>\n\t<meta name=\"twitter:data1\" content=\"Stefania Bernabeo\" \/>\n\t<meta name=\"twitter:label2\" content=\"Tempo di lettura stimato\" \/>\n\t<meta name=\"twitter:data2\" content=\"2 minuti\" \/>\n<script type=\"application\/ld+json\" class=\"yoast-schema-graph\">{\"@context\":\"https:\/\/schema.org\",\"@graph\":[{\"@type\":\"Article\",\"@id\":\"https:\/\/www.comau.com\/it\/2025\/07\/31\/il-ceo-di-comau-pietro-gorlier-automazione-intelligente-flessibile-e-collaborativa-per-il-futuro-dellindustria-dallauto-alla-logistica\/#article\",\"isPartOf\":{\"@id\":\"https:\/\/www.comau.com\/it\/2025\/07\/31\/il-ceo-di-comau-pietro-gorlier-automazione-intelligente-flessibile-e-collaborativa-per-il-futuro-dellindustria-dallauto-alla-logistica\/\"},\"author\":{\"name\":\"Stefania Bernabeo\",\"@id\":\"https:\/\/www.comau.com\/it\/#\/schema\/person\/39c33ef3d11161573e6b66bc5abd090d\"},\"headline\":\"Il CEO di Comau, Pietro Gorlier: automazione intelligente, flessibile e collaborativa per il futuro dell\u2019industria, dall\u2019auto alla logistica.\",\"datePublished\":\"2025-07-31T08:50:00+00:00\",\"dateModified\":\"2025-08-12T11:57:41+00:00\",\"mainEntityOfPage\":{\"@id\":\"https:\/\/www.comau.com\/it\/2025\/07\/31\/il-ceo-di-comau-pietro-gorlier-automazione-intelligente-flessibile-e-collaborativa-per-il-futuro-dellindustria-dallauto-alla-logistica\/\"},\"wordCount\":310,\"publisher\":{\"@id\":\"https:\/\/www.comau.com\/it\/#organization\"},\"image\":{\"@id\":\"https:\/\/www.comau.com\/it\/2025\/07\/31\/il-ceo-di-comau-pietro-gorlier-automazione-intelligente-flessibile-e-collaborativa-per-il-futuro-dellindustria-dallauto-alla-logistica\/#primaryimage\"},\"thumbnailUrl\":\"https:\/\/www.comau.com\/wp-content\/uploads\/2025\/07\/Header-Image-Pietro-Gorlier_Comau-CEO_1920x606px.jpg\",\"articleSection\":[\"Highlights\"],\"inLanguage\":\"it-IT\"},{\"@type\":\"WebPage\",\"@id\":\"https:\/\/www.comau.com\/it\/2025\/07\/31\/il-ceo-di-comau-pietro-gorlier-automazione-intelligente-flessibile-e-collaborativa-per-il-futuro-dellindustria-dallauto-alla-logistica\/\",\"url\":\"https:\/\/www.comau.com\/it\/2025\/07\/31\/il-ceo-di-comau-pietro-gorlier-automazione-intelligente-flessibile-e-collaborativa-per-il-futuro-dellindustria-dallauto-alla-logistica\/\",\"name\":\"CEO Comau al MAUTO\",\"isPartOf\":{\"@id\":\"https:\/\/www.comau.com\/it\/#website\"},\"primaryImageOfPage\":{\"@id\":\"https:\/\/www.comau.com\/it\/2025\/07\/31\/il-ceo-di-comau-pietro-gorlier-automazione-intelligente-flessibile-e-collaborativa-per-il-futuro-dellindustria-dallauto-alla-logistica\/#primaryimage\"},\"image\":{\"@id\":\"https:\/\/www.comau.com\/it\/2025\/07\/31\/il-ceo-di-comau-pietro-gorlier-automazione-intelligente-flessibile-e-collaborativa-per-il-futuro-dellindustria-dallauto-alla-logistica\/#primaryimage\"},\"thumbnailUrl\":\"https:\/\/www.comau.com\/wp-content\/uploads\/2025\/07\/Header-Image-Pietro-Gorlier_Comau-CEO_1920x606px.jpg\",\"datePublished\":\"2025-07-31T08:50:00+00:00\",\"dateModified\":\"2025-08-12T11:57:41+00:00\",\"description\":\"le tecnologie di automazione e la flessibilit\u00e0 dei processi i per conservare la competitivit\u00e0 del sistema industriale a livello globale. Ne ha parlato il CEO di Comau\",\"breadcrumb\":{\"@id\":\"https:\/\/www.comau.com\/it\/2025\/07\/31\/il-ceo-di-comau-pietro-gorlier-automazione-intelligente-flessibile-e-collaborativa-per-il-futuro-dellindustria-dallauto-alla-logistica\/#breadcrumb\"},\"inLanguage\":\"it-IT\",\"potentialAction\":[{\"@type\":\"ReadAction\",\"target\":[\"https:\/\/www.comau.com\/it\/2025\/07\/31\/il-ceo-di-comau-pietro-gorlier-automazione-intelligente-flessibile-e-collaborativa-per-il-futuro-dellindustria-dallauto-alla-logistica\/\"]}]},{\"@type\":\"ImageObject\",\"inLanguage\":\"it-IT\",\"@id\":\"https:\/\/www.comau.com\/it\/2025\/07\/31\/il-ceo-di-comau-pietro-gorlier-automazione-intelligente-flessibile-e-collaborativa-per-il-futuro-dellindustria-dallauto-alla-logistica\/#primaryimage\",\"url\":\"https:\/\/www.comau.com\/wp-content\/uploads\/2025\/07\/Header-Image-Pietro-Gorlier_Comau-CEO_1920x606px.jpg\",\"contentUrl\":\"https:\/\/www.comau.com\/wp-content\/uploads\/2025\/07\/Header-Image-Pietro-Gorlier_Comau-CEO_1920x606px.jpg\",\"width\":1920,\"height\":606},{\"@type\":\"BreadcrumbList\",\"@id\":\"https:\/\/www.comau.com\/it\/2025\/07\/31\/il-ceo-di-comau-pietro-gorlier-automazione-intelligente-flessibile-e-collaborativa-per-il-futuro-dellindustria-dallauto-alla-logistica\/#breadcrumb\",\"itemListElement\":[{\"@type\":\"ListItem\",\"position\":1,\"name\":\"Home\",\"item\":\"https:\/\/www.comau.com\/it\/\"},{\"@type\":\"ListItem\",\"position\":2,\"name\":\"Newsroom\",\"item\":\"https:\/\/www.comau.com\/it\/newsroom\/\"},{\"@type\":\"ListItem\",\"position\":3,\"name\":\"Il CEO di Comau, Pietro Gorlier: automazione intelligente, flessibile e collaborativa per il futuro dell\u2019industria, dall\u2019auto alla logistica.\"}]},{\"@type\":\"WebSite\",\"@id\":\"https:\/\/www.comau.com\/it\/#website\",\"url\":\"https:\/\/www.comau.com\/it\/\",\"name\":\"Comau\",\"description\":\"Industrial automation and robotics\",\"publisher\":{\"@id\":\"https:\/\/www.comau.com\/it\/#organization\"},\"potentialAction\":[{\"@type\":\"SearchAction\",\"target\":{\"@type\":\"EntryPoint\",\"urlTemplate\":\"https:\/\/www.comau.com\/it\/?s={search_term_string}\"},\"query-input\":{\"@type\":\"PropertyValueSpecification\",\"valueRequired\":true,\"valueName\":\"search_term_string\"}}],\"inLanguage\":\"it-IT\"},{\"@type\":\"Organization\",\"@id\":\"https:\/\/www.comau.com\/it\/#organization\",\"name\":\"Comau\",\"url\":\"https:\/\/www.comau.com\/it\/\",\"logo\":{\"@type\":\"ImageObject\",\"inLanguage\":\"it-IT\",\"@id\":\"https:\/\/www.comau.com\/it\/#\/schema\/logo\/image\/\",\"url\":\"https:\/\/www.comau.com\/wp-content\/uploads\/2024\/07\/cropped-Logo-COMAU.png\",\"contentUrl\":\"https:\/\/www.comau.com\/wp-content\/uploads\/2024\/07\/cropped-Logo-COMAU.png\",\"width\":434,\"height\":434,\"caption\":\"Comau\"},\"image\":{\"@id\":\"https:\/\/www.comau.com\/it\/#\/schema\/logo\/image\/\"},\"sameAs\":[\"https:\/\/www.facebook.com\/COMAU\/\",\"https:\/\/x.com\/comaugroup\",\"https:\/\/www.instagram.com\/comaugroup\/\",\"https:\/\/www.linkedin.com\/company\/comau\",\"https:\/\/www.youtube.com\/user\/comau\"]},{\"@type\":\"Person\",\"@id\":\"https:\/\/www.comau.com\/it\/#\/schema\/person\/39c33ef3d11161573e6b66bc5abd090d\",\"name\":\"Stefania Bernabeo\"}]}<\/script>\n<!-- \/ Yoast SEO plugin. -->","yoast_head_json":{"title":"CEO Comau al MAUTO","description":"le tecnologie di automazione e la flessibilit\u00e0 dei processi i per conservare la competitivit\u00e0 del sistema industriale a livello globale. Ne ha parlato il CEO di Comau","robots":{"index":"index","follow":"follow","max-snippet":"max-snippet:-1","max-image-preview":"max-image-preview:large","max-video-preview":"max-video-preview:-1"},"canonical":"https:\/\/www.comau.com\/it\/2025\/07\/31\/il-ceo-di-comau-pietro-gorlier-automazione-intelligente-flessibile-e-collaborativa-per-il-futuro-dellindustria-dallauto-alla-logistica\/","og_locale":"it_IT","og_type":"article","og_title":"CEO Comau al MAUTO","og_description":"le tecnologie di automazione e la flessibilit\u00e0 dei processi i per conservare la competitivit\u00e0 del sistema industriale a livello globale. Ne ha parlato il CEO di Comau","og_url":"https:\/\/www.comau.com\/it\/2025\/07\/31\/il-ceo-di-comau-pietro-gorlier-automazione-intelligente-flessibile-e-collaborativa-per-il-futuro-dellindustria-dallauto-alla-logistica\/","og_site_name":"Comau","article_publisher":"https:\/\/www.facebook.com\/COMAU\/","article_published_time":"2025-07-31T08:50:00+00:00","article_modified_time":"2025-08-12T11:57:41+00:00","og_image":[{"width":1920,"height":606,"url":"https:\/\/www.comau.com\/wp-content\/uploads\/2025\/07\/Header-Image-Pietro-Gorlier_Comau-CEO_1920x606px.jpg","type":"image\/jpeg"}],"author":"Stefania Bernabeo","twitter_card":"summary_large_image","twitter_creator":"@comaugroup","twitter_site":"@comaugroup","twitter_misc":{"Scritto da":"Stefania Bernabeo","Tempo di lettura stimato":"2 minuti"},"schema":{"@context":"https:\/\/schema.org","@graph":[{"@type":"Article","@id":"https:\/\/www.comau.com\/it\/2025\/07\/31\/il-ceo-di-comau-pietro-gorlier-automazione-intelligente-flessibile-e-collaborativa-per-il-futuro-dellindustria-dallauto-alla-logistica\/#article","isPartOf":{"@id":"https:\/\/www.comau.com\/it\/2025\/07\/31\/il-ceo-di-comau-pietro-gorlier-automazione-intelligente-flessibile-e-collaborativa-per-il-futuro-dellindustria-dallauto-alla-logistica\/"},"author":{"name":"Stefania Bernabeo","@id":"https:\/\/www.comau.com\/it\/#\/schema\/person\/39c33ef3d11161573e6b66bc5abd090d"},"headline":"Il CEO di Comau, Pietro Gorlier: automazione intelligente, flessibile e collaborativa per il futuro dell\u2019industria, dall\u2019auto alla logistica.","datePublished":"2025-07-31T08:50:00+00:00","dateModified":"2025-08-12T11:57:41+00:00","mainEntityOfPage":{"@id":"https:\/\/www.comau.com\/it\/2025\/07\/31\/il-ceo-di-comau-pietro-gorlier-automazione-intelligente-flessibile-e-collaborativa-per-il-futuro-dellindustria-dallauto-alla-logistica\/"},"wordCount":310,"publisher":{"@id":"https:\/\/www.comau.com\/it\/#organization"},"image":{"@id":"https:\/\/www.comau.com\/it\/2025\/07\/31\/il-ceo-di-comau-pietro-gorlier-automazione-intelligente-flessibile-e-collaborativa-per-il-futuro-dellindustria-dallauto-alla-logistica\/#primaryimage"},"thumbnailUrl":"https:\/\/www.comau.com\/wp-content\/uploads\/2025\/07\/Header-Image-Pietro-Gorlier_Comau-CEO_1920x606px.jpg","articleSection":["Highlights"],"inLanguage":"it-IT"},{"@type":"WebPage","@id":"https:\/\/www.comau.com\/it\/2025\/07\/31\/il-ceo-di-comau-pietro-gorlier-automazione-intelligente-flessibile-e-collaborativa-per-il-futuro-dellindustria-dallauto-alla-logistica\/","url":"https:\/\/www.comau.com\/it\/2025\/07\/31\/il-ceo-di-comau-pietro-gorlier-automazione-intelligente-flessibile-e-collaborativa-per-il-futuro-dellindustria-dallauto-alla-logistica\/","name":"CEO Comau al MAUTO","isPartOf":{"@id":"https:\/\/www.comau.com\/it\/#website"},"primaryImageOfPage":{"@id":"https:\/\/www.comau.com\/it\/2025\/07\/31\/il-ceo-di-comau-pietro-gorlier-automazione-intelligente-flessibile-e-collaborativa-per-il-futuro-dellindustria-dallauto-alla-logistica\/#primaryimage"},"image":{"@id":"https:\/\/www.comau.com\/it\/2025\/07\/31\/il-ceo-di-comau-pietro-gorlier-automazione-intelligente-flessibile-e-collaborativa-per-il-futuro-dellindustria-dallauto-alla-logistica\/#primaryimage"},"thumbnailUrl":"https:\/\/www.comau.com\/wp-content\/uploads\/2025\/07\/Header-Image-Pietro-Gorlier_Comau-CEO_1920x606px.jpg","datePublished":"2025-07-31T08:50:00+00:00","dateModified":"2025-08-12T11:57:41+00:00","description":"le tecnologie di automazione e la flessibilit\u00e0 dei processi i per conservare la competitivit\u00e0 del sistema industriale a livello globale. Ne ha parlato il CEO di Comau","breadcrumb":{"@id":"https:\/\/www.comau.com\/it\/2025\/07\/31\/il-ceo-di-comau-pietro-gorlier-automazione-intelligente-flessibile-e-collaborativa-per-il-futuro-dellindustria-dallauto-alla-logistica\/#breadcrumb"},"inLanguage":"it-IT","potentialAction":[{"@type":"ReadAction","target":["https:\/\/www.comau.com\/it\/2025\/07\/31\/il-ceo-di-comau-pietro-gorlier-automazione-intelligente-flessibile-e-collaborativa-per-il-futuro-dellindustria-dallauto-alla-logistica\/"]}]},{"@type":"ImageObject","inLanguage":"it-IT","@id":"https:\/\/www.comau.com\/it\/2025\/07\/31\/il-ceo-di-comau-pietro-gorlier-automazione-intelligente-flessibile-e-collaborativa-per-il-futuro-dellindustria-dallauto-alla-logistica\/#primaryimage","url":"https:\/\/www.comau.com\/wp-content\/uploads\/2025\/07\/Header-Image-Pietro-Gorlier_Comau-CEO_1920x606px.jpg","contentUrl":"https:\/\/www.comau.com\/wp-content\/uploads\/2025\/07\/Header-Image-Pietro-Gorlier_Comau-CEO_1920x606px.jpg","width":1920,"height":606},{"@type":"BreadcrumbList","@id":"https:\/\/www.comau.com\/it\/2025\/07\/31\/il-ceo-di-comau-pietro-gorlier-automazione-intelligente-flessibile-e-collaborativa-per-il-futuro-dellindustria-dallauto-alla-logistica\/#breadcrumb","itemListElement":[{"@type":"ListItem","position":1,"name":"Home","item":"https:\/\/www.comau.com\/it\/"},{"@type":"ListItem","position":2,"name":"Newsroom","item":"https:\/\/www.comau.com\/it\/newsroom\/"},{"@type":"ListItem","position":3,"name":"Il CEO di Comau, Pietro Gorlier: automazione intelligente, flessibile e collaborativa per il futuro dell\u2019industria, dall\u2019auto alla logistica."}]},{"@type":"WebSite","@id":"https:\/\/www.comau.com\/it\/#website","url":"https:\/\/www.comau.com\/it\/","name":"Comau","description":"Industrial automation and robotics","publisher":{"@id":"https:\/\/www.comau.com\/it\/#organization"},"potentialAction":[{"@type":"SearchAction","target":{"@type":"EntryPoint","urlTemplate":"https:\/\/www.comau.com\/it\/?s={search_term_string}"},"query-input":{"@type":"PropertyValueSpecification","valueRequired":true,"valueName":"search_term_string"}}],"inLanguage":"it-IT"},{"@type":"Organization","@id":"https:\/\/www.comau.com\/it\/#organization","name":"Comau","url":"https:\/\/www.comau.com\/it\/","logo":{"@type":"ImageObject","inLanguage":"it-IT","@id":"https:\/\/www.comau.com\/it\/#\/schema\/logo\/image\/","url":"https:\/\/www.comau.com\/wp-content\/uploads\/2024\/07\/cropped-Logo-COMAU.png","contentUrl":"https:\/\/www.comau.com\/wp-content\/uploads\/2024\/07\/cropped-Logo-COMAU.png","width":434,"height":434,"caption":"Comau"},"image":{"@id":"https:\/\/www.comau.com\/it\/#\/schema\/logo\/image\/"},"sameAs":["https:\/\/www.facebook.com\/COMAU\/","https:\/\/x.com\/comaugroup","https:\/\/www.instagram.com\/comaugroup\/","https:\/\/www.linkedin.com\/company\/comau","https:\/\/www.youtube.com\/user\/comau"]},{"@type":"Person","@id":"https:\/\/www.comau.com\/it\/#\/schema\/person\/39c33ef3d11161573e6b66bc5abd090d","name":"Stefania Bernabeo"}]}},"_links":{"self":[{"href":"https:\/\/www.comau.com\/it\/wp-json\/wp\/v2\/posts\/80431","targetHints":{"allow":["GET"]}}],"collection":[{"href":"https:\/\/www.comau.com\/it\/wp-json\/wp\/v2\/posts"}],"about":[{"href":"https:\/\/www.comau.com\/it\/wp-json\/wp\/v2\/types\/post"}],"author":[{"embeddable":true,"href":"https:\/\/www.comau.com\/it\/wp-json\/wp\/v2\/users\/19"}],"replies":[{"embeddable":true,"href":"https:\/\/www.comau.com\/it\/wp-json\/wp\/v2\/comments?post=80431"}],"version-history":[{"count":2,"href":"https:\/\/www.comau.com\/it\/wp-json\/wp\/v2\/posts\/80431\/revisions"}],"predecessor-version":[{"id":80764,"href":"https:\/\/www.comau.com\/it\/wp-json\/wp\/v2\/posts\/80431\/revisions\/80764"}],"wp:featuredmedia":[{"embeddable":true,"href":"https:\/\/www.comau.com\/it\/wp-json\/wp\/v2\/media\/80455"}],"wp:attachment":[{"href":"https:\/\/www.comau.com\/it\/wp-json\/wp\/v2\/media?parent=80431"}],"wp:term":[{"taxonomy":"category","embeddable":true,"href":"https:\/\/www.comau.com\/it\/wp-json\/wp\/v2\/categories?post=80431"},{"taxonomy":"post_tag","embeddable":true,"href":"https:\/\/www.comau.com\/it\/wp-json\/wp\/v2\/tags?post=80431"}],"curies":[{"name":"wp","href":"https:\/\/api.w.org\/{rel}","templated":true}]}}