{"id":60008,"date":"2024-02-15T17:34:53","date_gmt":"2024-02-15T16:34:53","guid":{"rendered":"https:\/\/www.comau.com\/?p=60008"},"modified":"2026-01-08T15:16:07","modified_gmt":"2026-01-08T14:16:07","slug":"comau-ambasciatore-dellinnovazione-alla-fiera-at-2024","status":"publish","type":"post","link":"https:\/\/www.comau.com\/it\/2024\/02\/15\/comau-ambasciatore-dellinnovazione-alla-fiera-at-2024\/","title":{"rendered":"Comau ambasciatore dell\u2019innovazione alla fiera A&amp;T 2024"},"content":{"rendered":"\n<p style=\"font-size:16px\">Torino, 15 febbraio 2024<\/p>\n\n\n\n<h2 class=\"wp-block-heading has-text-color has-link-color wp-elements-c2a4abf2111abb14e8974eb0090fe6ae\" style=\"color:#0046ad\">Il passaggio alla mobilit\u00e0 elettrica sta rivoluzionando il settore dei trasporti<\/h2>\n\n\n<div class=\"wp-block-image\">\n<figure class=\"alignleft size-full\"><img decoding=\"async\" width=\"389\" height=\"294\" src=\"https:\/\/www.comau.com\/wp-content\/uploads\/2024\/02\/StefaniaFerrero_AT_Event-1.png\" alt=\"\" class=\"wp-image-60069\" srcset=\"https:\/\/www.comau.com\/wp-content\/uploads\/2024\/02\/StefaniaFerrero_AT_Event-1.png 389w, https:\/\/www.comau.com\/wp-content\/uploads\/2024\/02\/StefaniaFerrero_AT_Event-1-300x227.png 300w\" sizes=\"(max-width: 389px) 100vw, 389px\" \/><\/figure>\n<\/div>\n\n\n<p>Determinando lo sviluppo di tecnologie di alimentazione sempre pi\u00f9 avanzate e di nuovi processi produttivi, pi\u00f9 efficienti, sicuri e sostenibili. Per riflettere su questi temi <strong>Stefania Ferrero, Chief Marketing Officer di Comau<\/strong>, selezionata per il ruolo di\u00a0 \u201cAmbasciatore dell\u2019Innovazione\u201d, ha partecipato alla tavola rotonda \u201cMobilit\u00e0 sostenibile: tecnologie, scelte e strategia\u201d, organizzata durante la <a href=\"https:\/\/www.aetevent.com\/\" target=\"_blank\" rel=\"noreferrer noopener\">Fiera A&amp;T<\/a>, in programma a Torino dal 14 al 16 febbraio. <\/p>\n\n\n\n<p>Ferrero, nel corso del suo intervento, ha sottolineato<strong> l\u2019impegno dell\u2019azienda nella progettazione e realizzazione di tecnologie e sistemi avanzati per la produzione di energia rinnovabile nel campo della mobilit\u00e0 e in numerosi settori chiave dell\u2019industria.<\/strong> Una scelta strategica che, negli anni, ha portato Comau ad <strong>investire nello sviluppo di conoscenze e competenze dedicate, partendo da un forte e consolidato know-how, maturato nel campo Automotive, per creare team altamente specializzati, pronti a rispondere in modo efficace alle nuove necessit\u00e0 produttive.<\/strong>\u00a0<\/p>\n\n\n\n<p>In questo contesto, l\u2019innovazione tecnologica \u00e8 un fattore determinante per permettere di realizzare veicoli performanti con costi sempre pi\u00f9 accessibili &#8211; elemento essenziale per la diffusione dei veicoli elettrici. Una necessit\u00e0 incentivata dalle politiche europee, sostenute anche da altre organizzazioni internazionali, che per soddisfare gli obiettivi del Green Deal, che puntano a ridurre entro il 2030 le emissioni di CO2 dei trasporti su strada del 55%, per arrivare a raggiungere entro il 2035 il traguardo delle \u201cemissioni zero\u201d.\u00a0<\/p>\n\n\n\n<p>Secondo diversi studi di mercato analizzati da Comau, nel periodo 2023-2030 il mercato globale della mobilit\u00e0 sar\u00e0 caratterizzato da una crescita superiore al 15%. Nello stesso arco temporale, i veicoli elettrici venduti sul mercato saranno il 50% in pi\u00f9 di quelli attuali, portando cos\u00ec ad un aumento del 600% della domanda di celle per batterie agli ioni di litio. Una situazione di mercato che richieder\u00e0 ai produttori l\u2019<strong>adozione sempre pi\u00f9 elevata di soluzioni robotizzate e automatizzate, per ottimizzare i processi produttivi.<\/strong> Inoltre, come ha puntualizzato Stefania Ferrero, l\u2019adozione di fonti di energia rinnovabile, sar\u00e0 spinta dalla richiesta di tecnologie per la produzione di idrogeno verde, per cui si stima una crescita del 1000% nel medesimo periodo di riferimento.&nbsp;<\/p>\n\n\n\n<blockquote class=\"wp-block-quote is-layout-flow wp-block-quote-is-layout-flow\">\n<p>\u201c\u200b<em>Gli oltre 50 anni di esperienza maturati nell\u2019Automotive hanno permesso a Comau di essere pioniere di nuove tecnologie all&#8217;avanguardia nella mobilit\u00e0 elettrica e in altri settori, come&nbsp; la logistica di magazzino, il farmaceutico e l\u2019alimentare, le energie rinnovabili e la cantieristica navale, solo per citare alcuni esempi di comparti industriali dove la richiesta di automazione \u00e8 in costante crescita. \u2013 <\/em>afferma<em>. Grazie allo sviluppo di processi produttivi pi\u00f9 sicuri, pi\u00f9 efficienti e sempre pi\u00f9 sostenibili, siamo pronti a supportare i nostri clienti e partner di fronte alle sfide di un mercato in continua trasformazione.<\/em>&#8221;<\/p>\n<\/blockquote>\n\n\n\n<p>Stefania Ferrero, Chief Marketing Officer di Comau<\/p>\n","protected":false},"excerpt":{"rendered":"<p>Torino, 15 febbraio 2024 Il passaggio alla mobilit\u00e0 elettrica sta rivoluzionando il settore dei trasporti Determinando lo sviluppo di tecnologie di alimentazione sempre pi\u00f9 avanzate e di nuovi processi produttivi, pi\u00f9 efficienti, sicuri e sostenibili. Per riflettere su questi temi Stefania Ferrero, Chief Marketing Officer di Comau, selezionata per il ruolo di\u00a0 \u201cAmbasciatore dell\u2019Innovazione\u201d, ha [&hellip;]<\/p>\n","protected":false},"author":19,"featured_media":60057,"comment_status":"closed","ping_status":"open","sticky":false,"template":"","format":"standard","meta":{"_acf_changed":false,"ep_exclude_from_search":false,"footnotes":""},"categories":[67],"tags":[],"class_list":["post-60008","post","type-post","status-publish","format-standard","has-post-thumbnail","hentry","category-events-it"],"acf":[],"yoast_head":"<!-- This site is optimized with the Yoast SEO plugin v26.9 - https:\/\/yoast.com\/product\/yoast-seo-wordpress\/ -->\n<title>Comau ambasciatore dell\u2019innovazione alla fiera A&amp;T 2024<\/title>\n<meta name=\"description\" content=\"Comau conferma l&#039;impegno nelle tecnologie per la produzione di energia rinnovabile nel campo della mobilit\u00e0 e in numerosi settori industriali\" \/>\n<meta name=\"robots\" content=\"index, follow, max-snippet:-1, max-image-preview:large, max-video-preview:-1\" \/>\n<link rel=\"canonical\" href=\"https:\/\/www.comau.com\/it\/2024\/02\/15\/comau-ambasciatore-dellinnovazione-alla-fiera-at-2024\/\" \/>\n<meta property=\"og:locale\" content=\"it_IT\" \/>\n<meta property=\"og:type\" content=\"article\" \/>\n<meta property=\"og:title\" content=\"Comau ambasciatore dell\u2019innovazione alla fiera A&amp;T 2024\" \/>\n<meta property=\"og:description\" content=\"Comau conferma l&#039;impegno nelle tecnologie per la produzione di energia rinnovabile nel campo della mobilit\u00e0 e in numerosi settori industriali\" \/>\n<meta property=\"og:url\" content=\"https:\/\/www.comau.com\/it\/2024\/02\/15\/comau-ambasciatore-dellinnovazione-alla-fiera-at-2024\/\" \/>\n<meta property=\"og:site_name\" content=\"Comau\" \/>\n<meta property=\"article:publisher\" content=\"https:\/\/www.facebook.com\/COMAU\/\" \/>\n<meta property=\"article:published_time\" content=\"2024-02-15T16:34:53+00:00\" \/>\n<meta property=\"article:modified_time\" content=\"2026-01-08T14:16:07+00:00\" \/>\n<meta property=\"og:image\" content=\"https:\/\/www.comau.com\/wp-content\/uploads\/2024\/02\/Stefania-Ferrero-AT-event.jpeg\" \/>\n\t<meta property=\"og:image:width\" content=\"1425\" \/>\n\t<meta property=\"og:image:height\" content=\"450\" \/>\n\t<meta property=\"og:image:type\" content=\"image\/jpeg\" \/>\n<meta name=\"author\" content=\"Stefania Bernabeo\" \/>\n<meta name=\"twitter:card\" content=\"summary_large_image\" \/>\n<meta name=\"twitter:creator\" content=\"@comaugroup\" \/>\n<meta name=\"twitter:site\" content=\"@comaugroup\" \/>\n<meta name=\"twitter:label1\" content=\"Scritto da\" \/>\n\t<meta name=\"twitter:data1\" content=\"Stefania Bernabeo\" \/>\n\t<meta name=\"twitter:label2\" content=\"Tempo di lettura stimato\" \/>\n\t<meta name=\"twitter:data2\" content=\"3 minuti\" \/>\n<script type=\"application\/ld+json\" class=\"yoast-schema-graph\">{\"@context\":\"https:\/\/schema.org\",\"@graph\":[{\"@type\":\"Article\",\"@id\":\"https:\/\/www.comau.com\/it\/2024\/02\/15\/comau-ambasciatore-dellinnovazione-alla-fiera-at-2024\/#article\",\"isPartOf\":{\"@id\":\"https:\/\/www.comau.com\/it\/2024\/02\/15\/comau-ambasciatore-dellinnovazione-alla-fiera-at-2024\/\"},\"author\":{\"name\":\"Stefania Bernabeo\",\"@id\":\"https:\/\/www.comau.com\/it\/#\/schema\/person\/39c33ef3d11161573e6b66bc5abd090d\"},\"headline\":\"Comau ambasciatore dell\u2019innovazione alla fiera A&amp;T 2024\",\"datePublished\":\"2024-02-15T16:34:53+00:00\",\"dateModified\":\"2026-01-08T14:16:07+00:00\",\"mainEntityOfPage\":{\"@id\":\"https:\/\/www.comau.com\/it\/2024\/02\/15\/comau-ambasciatore-dellinnovazione-alla-fiera-at-2024\/\"},\"wordCount\":463,\"publisher\":{\"@id\":\"https:\/\/www.comau.com\/it\/#organization\"},\"image\":{\"@id\":\"https:\/\/www.comau.com\/it\/2024\/02\/15\/comau-ambasciatore-dellinnovazione-alla-fiera-at-2024\/#primaryimage\"},\"thumbnailUrl\":\"https:\/\/www.comau.com\/wp-content\/uploads\/2024\/02\/Stefania-Ferrero-AT-event.jpeg\",\"articleSection\":[\"Events\"],\"inLanguage\":\"it-IT\"},{\"@type\":\"WebPage\",\"@id\":\"https:\/\/www.comau.com\/it\/2024\/02\/15\/comau-ambasciatore-dellinnovazione-alla-fiera-at-2024\/\",\"url\":\"https:\/\/www.comau.com\/it\/2024\/02\/15\/comau-ambasciatore-dellinnovazione-alla-fiera-at-2024\/\",\"name\":\"Comau ambasciatore dell\u2019innovazione alla fiera A&T 2024\",\"isPartOf\":{\"@id\":\"https:\/\/www.comau.com\/it\/#website\"},\"primaryImageOfPage\":{\"@id\":\"https:\/\/www.comau.com\/it\/2024\/02\/15\/comau-ambasciatore-dellinnovazione-alla-fiera-at-2024\/#primaryimage\"},\"image\":{\"@id\":\"https:\/\/www.comau.com\/it\/2024\/02\/15\/comau-ambasciatore-dellinnovazione-alla-fiera-at-2024\/#primaryimage\"},\"thumbnailUrl\":\"https:\/\/www.comau.com\/wp-content\/uploads\/2024\/02\/Stefania-Ferrero-AT-event.jpeg\",\"datePublished\":\"2024-02-15T16:34:53+00:00\",\"dateModified\":\"2026-01-08T14:16:07+00:00\",\"description\":\"Comau conferma l'impegno nelle tecnologie per la produzione di energia rinnovabile nel campo della mobilit\u00e0 e in numerosi settori industriali\",\"breadcrumb\":{\"@id\":\"https:\/\/www.comau.com\/it\/2024\/02\/15\/comau-ambasciatore-dellinnovazione-alla-fiera-at-2024\/#breadcrumb\"},\"inLanguage\":\"it-IT\",\"potentialAction\":[{\"@type\":\"ReadAction\",\"target\":[\"https:\/\/www.comau.com\/it\/2024\/02\/15\/comau-ambasciatore-dellinnovazione-alla-fiera-at-2024\/\"]}]},{\"@type\":\"ImageObject\",\"inLanguage\":\"it-IT\",\"@id\":\"https:\/\/www.comau.com\/it\/2024\/02\/15\/comau-ambasciatore-dellinnovazione-alla-fiera-at-2024\/#primaryimage\",\"url\":\"https:\/\/www.comau.com\/wp-content\/uploads\/2024\/02\/Stefania-Ferrero-AT-event.jpeg\",\"contentUrl\":\"https:\/\/www.comau.com\/wp-content\/uploads\/2024\/02\/Stefania-Ferrero-AT-event.jpeg\",\"width\":1425,\"height\":450},{\"@type\":\"BreadcrumbList\",\"@id\":\"https:\/\/www.comau.com\/it\/2024\/02\/15\/comau-ambasciatore-dellinnovazione-alla-fiera-at-2024\/#breadcrumb\",\"itemListElement\":[{\"@type\":\"ListItem\",\"position\":1,\"name\":\"Home\",\"item\":\"https:\/\/www.comau.com\/it\/\"},{\"@type\":\"ListItem\",\"position\":2,\"name\":\"Newsroom\",\"item\":\"https:\/\/www.comau.com\/it\/newsroom\/\"},{\"@type\":\"ListItem\",\"position\":3,\"name\":\"Comau ambasciatore dell\u2019innovazione alla fiera A&amp;T 2024\"}]},{\"@type\":\"WebSite\",\"@id\":\"https:\/\/www.comau.com\/it\/#website\",\"url\":\"https:\/\/www.comau.com\/it\/\",\"name\":\"Comau\",\"description\":\"Industrial automation and robotics\",\"publisher\":{\"@id\":\"https:\/\/www.comau.com\/it\/#organization\"},\"potentialAction\":[{\"@type\":\"SearchAction\",\"target\":{\"@type\":\"EntryPoint\",\"urlTemplate\":\"https:\/\/www.comau.com\/it\/?s={search_term_string}\"},\"query-input\":{\"@type\":\"PropertyValueSpecification\",\"valueRequired\":true,\"valueName\":\"search_term_string\"}}],\"inLanguage\":\"it-IT\"},{\"@type\":\"Organization\",\"@id\":\"https:\/\/www.comau.com\/it\/#organization\",\"name\":\"Comau\",\"url\":\"https:\/\/www.comau.com\/it\/\",\"logo\":{\"@type\":\"ImageObject\",\"inLanguage\":\"it-IT\",\"@id\":\"https:\/\/www.comau.com\/it\/#\/schema\/logo\/image\/\",\"url\":\"https:\/\/www.comau.com\/wp-content\/uploads\/2024\/07\/cropped-Logo-COMAU.png\",\"contentUrl\":\"https:\/\/www.comau.com\/wp-content\/uploads\/2024\/07\/cropped-Logo-COMAU.png\",\"width\":434,\"height\":434,\"caption\":\"Comau\"},\"image\":{\"@id\":\"https:\/\/www.comau.com\/it\/#\/schema\/logo\/image\/\"},\"sameAs\":[\"https:\/\/www.facebook.com\/COMAU\/\",\"https:\/\/x.com\/comaugroup\",\"https:\/\/www.instagram.com\/comaugroup\/\",\"https:\/\/www.linkedin.com\/company\/comau\",\"https:\/\/www.youtube.com\/user\/comau\"]},{\"@type\":\"Person\",\"@id\":\"https:\/\/www.comau.com\/it\/#\/schema\/person\/39c33ef3d11161573e6b66bc5abd090d\",\"name\":\"Stefania Bernabeo\"}]}<\/script>\n<!-- \/ Yoast SEO plugin. -->","yoast_head_json":{"title":"Comau ambasciatore dell\u2019innovazione alla fiera A&T 2024","description":"Comau conferma l'impegno nelle tecnologie per la produzione di energia rinnovabile nel campo della mobilit\u00e0 e in numerosi settori industriali","robots":{"index":"index","follow":"follow","max-snippet":"max-snippet:-1","max-image-preview":"max-image-preview:large","max-video-preview":"max-video-preview:-1"},"canonical":"https:\/\/www.comau.com\/it\/2024\/02\/15\/comau-ambasciatore-dellinnovazione-alla-fiera-at-2024\/","og_locale":"it_IT","og_type":"article","og_title":"Comau ambasciatore dell\u2019innovazione alla fiera A&T 2024","og_description":"Comau conferma l'impegno nelle tecnologie per la produzione di energia rinnovabile nel campo della mobilit\u00e0 e in numerosi settori industriali","og_url":"https:\/\/www.comau.com\/it\/2024\/02\/15\/comau-ambasciatore-dellinnovazione-alla-fiera-at-2024\/","og_site_name":"Comau","article_publisher":"https:\/\/www.facebook.com\/COMAU\/","article_published_time":"2024-02-15T16:34:53+00:00","article_modified_time":"2026-01-08T14:16:07+00:00","og_image":[{"width":1425,"height":450,"url":"https:\/\/www.comau.com\/wp-content\/uploads\/2024\/02\/Stefania-Ferrero-AT-event.jpeg","type":"image\/jpeg"}],"author":"Stefania Bernabeo","twitter_card":"summary_large_image","twitter_creator":"@comaugroup","twitter_site":"@comaugroup","twitter_misc":{"Scritto da":"Stefania Bernabeo","Tempo di lettura stimato":"3 minuti"},"schema":{"@context":"https:\/\/schema.org","@graph":[{"@type":"Article","@id":"https:\/\/www.comau.com\/it\/2024\/02\/15\/comau-ambasciatore-dellinnovazione-alla-fiera-at-2024\/#article","isPartOf":{"@id":"https:\/\/www.comau.com\/it\/2024\/02\/15\/comau-ambasciatore-dellinnovazione-alla-fiera-at-2024\/"},"author":{"name":"Stefania Bernabeo","@id":"https:\/\/www.comau.com\/it\/#\/schema\/person\/39c33ef3d11161573e6b66bc5abd090d"},"headline":"Comau ambasciatore dell\u2019innovazione alla fiera A&amp;T 2024","datePublished":"2024-02-15T16:34:53+00:00","dateModified":"2026-01-08T14:16:07+00:00","mainEntityOfPage":{"@id":"https:\/\/www.comau.com\/it\/2024\/02\/15\/comau-ambasciatore-dellinnovazione-alla-fiera-at-2024\/"},"wordCount":463,"publisher":{"@id":"https:\/\/www.comau.com\/it\/#organization"},"image":{"@id":"https:\/\/www.comau.com\/it\/2024\/02\/15\/comau-ambasciatore-dellinnovazione-alla-fiera-at-2024\/#primaryimage"},"thumbnailUrl":"https:\/\/www.comau.com\/wp-content\/uploads\/2024\/02\/Stefania-Ferrero-AT-event.jpeg","articleSection":["Events"],"inLanguage":"it-IT"},{"@type":"WebPage","@id":"https:\/\/www.comau.com\/it\/2024\/02\/15\/comau-ambasciatore-dellinnovazione-alla-fiera-at-2024\/","url":"https:\/\/www.comau.com\/it\/2024\/02\/15\/comau-ambasciatore-dellinnovazione-alla-fiera-at-2024\/","name":"Comau ambasciatore dell\u2019innovazione alla fiera A&T 2024","isPartOf":{"@id":"https:\/\/www.comau.com\/it\/#website"},"primaryImageOfPage":{"@id":"https:\/\/www.comau.com\/it\/2024\/02\/15\/comau-ambasciatore-dellinnovazione-alla-fiera-at-2024\/#primaryimage"},"image":{"@id":"https:\/\/www.comau.com\/it\/2024\/02\/15\/comau-ambasciatore-dellinnovazione-alla-fiera-at-2024\/#primaryimage"},"thumbnailUrl":"https:\/\/www.comau.com\/wp-content\/uploads\/2024\/02\/Stefania-Ferrero-AT-event.jpeg","datePublished":"2024-02-15T16:34:53+00:00","dateModified":"2026-01-08T14:16:07+00:00","description":"Comau conferma l'impegno nelle tecnologie per la produzione di energia rinnovabile nel campo della mobilit\u00e0 e in numerosi settori industriali","breadcrumb":{"@id":"https:\/\/www.comau.com\/it\/2024\/02\/15\/comau-ambasciatore-dellinnovazione-alla-fiera-at-2024\/#breadcrumb"},"inLanguage":"it-IT","potentialAction":[{"@type":"ReadAction","target":["https:\/\/www.comau.com\/it\/2024\/02\/15\/comau-ambasciatore-dellinnovazione-alla-fiera-at-2024\/"]}]},{"@type":"ImageObject","inLanguage":"it-IT","@id":"https:\/\/www.comau.com\/it\/2024\/02\/15\/comau-ambasciatore-dellinnovazione-alla-fiera-at-2024\/#primaryimage","url":"https:\/\/www.comau.com\/wp-content\/uploads\/2024\/02\/Stefania-Ferrero-AT-event.jpeg","contentUrl":"https:\/\/www.comau.com\/wp-content\/uploads\/2024\/02\/Stefania-Ferrero-AT-event.jpeg","width":1425,"height":450},{"@type":"BreadcrumbList","@id":"https:\/\/www.comau.com\/it\/2024\/02\/15\/comau-ambasciatore-dellinnovazione-alla-fiera-at-2024\/#breadcrumb","itemListElement":[{"@type":"ListItem","position":1,"name":"Home","item":"https:\/\/www.comau.com\/it\/"},{"@type":"ListItem","position":2,"name":"Newsroom","item":"https:\/\/www.comau.com\/it\/newsroom\/"},{"@type":"ListItem","position":3,"name":"Comau ambasciatore dell\u2019innovazione alla fiera A&amp;T 2024"}]},{"@type":"WebSite","@id":"https:\/\/www.comau.com\/it\/#website","url":"https:\/\/www.comau.com\/it\/","name":"Comau","description":"Industrial automation and robotics","publisher":{"@id":"https:\/\/www.comau.com\/it\/#organization"},"potentialAction":[{"@type":"SearchAction","target":{"@type":"EntryPoint","urlTemplate":"https:\/\/www.comau.com\/it\/?s={search_term_string}"},"query-input":{"@type":"PropertyValueSpecification","valueRequired":true,"valueName":"search_term_string"}}],"inLanguage":"it-IT"},{"@type":"Organization","@id":"https:\/\/www.comau.com\/it\/#organization","name":"Comau","url":"https:\/\/www.comau.com\/it\/","logo":{"@type":"ImageObject","inLanguage":"it-IT","@id":"https:\/\/www.comau.com\/it\/#\/schema\/logo\/image\/","url":"https:\/\/www.comau.com\/wp-content\/uploads\/2024\/07\/cropped-Logo-COMAU.png","contentUrl":"https:\/\/www.comau.com\/wp-content\/uploads\/2024\/07\/cropped-Logo-COMAU.png","width":434,"height":434,"caption":"Comau"},"image":{"@id":"https:\/\/www.comau.com\/it\/#\/schema\/logo\/image\/"},"sameAs":["https:\/\/www.facebook.com\/COMAU\/","https:\/\/x.com\/comaugroup","https:\/\/www.instagram.com\/comaugroup\/","https:\/\/www.linkedin.com\/company\/comau","https:\/\/www.youtube.com\/user\/comau"]},{"@type":"Person","@id":"https:\/\/www.comau.com\/it\/#\/schema\/person\/39c33ef3d11161573e6b66bc5abd090d","name":"Stefania Bernabeo"}]}},"_links":{"self":[{"href":"https:\/\/www.comau.com\/it\/wp-json\/wp\/v2\/posts\/60008","targetHints":{"allow":["GET"]}}],"collection":[{"href":"https:\/\/www.comau.com\/it\/wp-json\/wp\/v2\/posts"}],"about":[{"href":"https:\/\/www.comau.com\/it\/wp-json\/wp\/v2\/types\/post"}],"author":[{"embeddable":true,"href":"https:\/\/www.comau.com\/it\/wp-json\/wp\/v2\/users\/19"}],"replies":[{"embeddable":true,"href":"https:\/\/www.comau.com\/it\/wp-json\/wp\/v2\/comments?post=60008"}],"version-history":[{"count":11,"href":"https:\/\/www.comau.com\/it\/wp-json\/wp\/v2\/posts\/60008\/revisions"}],"predecessor-version":[{"id":84033,"href":"https:\/\/www.comau.com\/it\/wp-json\/wp\/v2\/posts\/60008\/revisions\/84033"}],"wp:featuredmedia":[{"embeddable":true,"href":"https:\/\/www.comau.com\/it\/wp-json\/wp\/v2\/media\/60057"}],"wp:attachment":[{"href":"https:\/\/www.comau.com\/it\/wp-json\/wp\/v2\/media?parent=60008"}],"wp:term":[{"taxonomy":"category","embeddable":true,"href":"https:\/\/www.comau.com\/it\/wp-json\/wp\/v2\/categories?post=60008"},{"taxonomy":"post_tag","embeddable":true,"href":"https:\/\/www.comau.com\/it\/wp-json\/wp\/v2\/tags?post=60008"}],"curies":[{"name":"wp","href":"https:\/\/api.w.org\/{rel}","templated":true}]}}