{"id":87029,"date":"2026-04-07T14:13:30","date_gmt":"2026-04-07T12:13:30","guid":{"rendered":"https:\/\/www.comau.com\/?p=87029"},"modified":"2026-04-08T18:26:07","modified_gmt":"2026-04-08T16:26:07","slug":"comau-au-salon-sitl-avec-low-ergofrance-une-ergonomie-de-pointe-pour-la-logistique","status":"publish","type":"post","link":"https:\/\/www.comau.com\/fr\/2026\/04\/07\/comau-au-salon-sitl-avec-low-ergofrance-une-ergonomie-de-pointe-pour-la-logistique\/","title":{"rendered":"Comau au salon SITL avec Low-Ergofrance : une ergonomie de pointe pour la logistique"},"content":{"rendered":"\n<p>Comau expose au salon SITL (dans le cadre du salon Global Industrie), qui se tient \u00e0 Paris Nord Villepinte du 31 mars au 2 avril, en collaboration avec Low-Ergofrance.<\/p>\n\n\n\n<p>Les visiteurs pourront d\u00e9couvrir la robotique portable de Comau au stand L019, o\u00f9 sont expos\u00e9s les exosquelettes de derni\u00e8re g\u00e9n\u00e9ration :<\/p>\n\n\n\n<ul class=\"wp-block-list\">\n<li><strong>MATE-XT GO<\/strong> : un exosquelette professionnel, certifi\u00e9 comme \u00e9quipement de protection individuelle (EPI) de cat\u00e9gorie II, con\u00e7u pour offrir un soutien naturel aux \u00e9paules et aux bras lors de t\u00e2ches r\u00e9p\u00e9titives ou de travaux en hauteur, r\u00e9duisant ainsi la fatigue physique et am\u00e9liorant le bien-\u00eatre des travailleurs<\/li>\n\n\n\n<li><strong>MATE XB<\/strong> : \u00e9galement con\u00e7u pour am\u00e9liorer l&rsquo;ergonomie, la s\u00e9curit\u00e9 et le confort des op\u00e9rateurs dans les environnements logistiques.<br>Ces solutions soulignent notre engagement \u00e0 allier expertise et technologie pour proposer des solutions d&rsquo;automatisation plus flexibles et centr\u00e9es sur l&rsquo;humain dans divers secteurs.<\/li>\n<\/ul>\n\n\n\n<h3 class=\"wp-block-heading\">D\u00e9tails de l&rsquo;\u00e9v\u00e9nement<\/h3>\n\n\n\n<p>SITL est le premier salon professionnel fran\u00e7ais d\u00e9di\u00e9 au transport et \u00e0 la logistique, un \u00e9v\u00e9nement majeur pour le secteur des transports qui rassemble des op\u00e9rateurs publics et priv\u00e9s, ainsi que des f\u00e9d\u00e9rations professionnelles et des organismes institutionnels.<\/p>\n\n\n\n<p>Date : du 31 mars au 2 avril 2026<\/p>\n\n\n\n<p>Lieu : Paris Expo Porte de Versailles, Pavillon 1 &#8211; Paris Nord Villepinte &#8211; France<\/p>\n\n\n\n<p>O\u00f9 nous trouver : Stand L019<\/p>\n\n\n\n<p>Pour plus d&rsquo;informations, rendez-vous sur : <a href=\"https:\/\/www.sitl.eu\/fr-fr\/exposer.html\" target=\"_blank\" rel=\"noreferrer noopener\">SITL France<\/a><\/p>\n\n\n\n<p><\/p>\n","protected":false},"excerpt":{"rendered":"<p>Comau expose au salon SITL (dans le cadre du salon Global Industrie), qui se tient \u00e0 Paris Nord Villepinte du 31 mars au 2 avril, en collaboration avec Low-Ergofrance. Les visiteurs pourront d\u00e9couvrir la robotique portable de Comau au stand L019, o\u00f9 sont expos\u00e9s les exosquelettes de derni\u00e8re g\u00e9n\u00e9ration : D\u00e9tails de l&rsquo;\u00e9v\u00e9nement SITL est [&hellip;]<\/p>\n","protected":false},"author":19,"featured_media":86230,"comment_status":"closed","ping_status":"open","sticky":false,"template":"","format":"standard","meta":{"_acf_changed":false,"ep_exclude_from_search":false,"footnotes":""},"categories":[68],"tags":[],"class_list":["post-87029","post","type-post","status-publish","format-standard","has-post-thumbnail","hentry","category-events-fr"],"acf":[],"yoast_head":"<!-- This site is optimized with the Yoast SEO plugin v26.9 - https:\/\/yoast.com\/product\/yoast-seo-wordpress\/ -->\n<title>Comau au salon SITL<\/title>\n<meta name=\"description\" content=\"la robotique portable de Comau\" \/>\n<meta name=\"robots\" content=\"index, follow, max-snippet:-1, max-image-preview:large, max-video-preview:-1\" \/>\n<link rel=\"canonical\" href=\"https:\/\/www.comau.com\/fr\/2026\/04\/07\/comau-au-salon-sitl-avec-low-ergofrance-une-ergonomie-de-pointe-pour-la-logistique\/\" \/>\n<meta property=\"og:locale\" content=\"fr_FR\" \/>\n<meta property=\"og:type\" content=\"article\" \/>\n<meta property=\"og:title\" content=\"Comau au salon SITL\" \/>\n<meta property=\"og:description\" content=\"la robotique portable de Comau\" \/>\n<meta property=\"og:url\" content=\"https:\/\/www.comau.com\/fr\/2026\/04\/07\/comau-au-salon-sitl-avec-low-ergofrance-une-ergonomie-de-pointe-pour-la-logistique\/\" \/>\n<meta property=\"og:site_name\" content=\"Comau\" \/>\n<meta property=\"article:publisher\" content=\"https:\/\/www.facebook.com\/COMAU\/\" \/>\n<meta property=\"article:published_time\" content=\"2026-04-07T12:13:30+00:00\" \/>\n<meta property=\"article:modified_time\" content=\"2026-04-08T16:26:07+00:00\" \/>\n<meta property=\"og:image\" content=\"https:\/\/www.comau.com\/wp-content\/uploads\/2026\/03\/mate-xt_header.jpg\" \/>\n\t<meta property=\"og:image:width\" content=\"1920\" \/>\n\t<meta property=\"og:image:height\" content=\"606\" \/>\n\t<meta property=\"og:image:type\" content=\"image\/jpeg\" \/>\n<meta name=\"author\" content=\"Stefania Bernabeo\" \/>\n<meta name=\"twitter:card\" content=\"summary_large_image\" \/>\n<meta name=\"twitter:creator\" content=\"@comaugroup\" \/>\n<meta name=\"twitter:site\" content=\"@comaugroup\" \/>\n<meta name=\"twitter:label1\" content=\"\u00c9crit par\" \/>\n\t<meta name=\"twitter:data1\" content=\"Stefania Bernabeo\" \/>\n\t<meta name=\"twitter:label2\" content=\"Dur\u00e9e de lecture estim\u00e9e\" \/>\n\t<meta name=\"twitter:data2\" content=\"2 minutes\" \/>\n<script type=\"application\/ld+json\" class=\"yoast-schema-graph\">{\"@context\":\"https:\/\/schema.org\",\"@graph\":[{\"@type\":\"Article\",\"@id\":\"https:\/\/www.comau.com\/fr\/2026\/04\/07\/comau-au-salon-sitl-avec-low-ergofrance-une-ergonomie-de-pointe-pour-la-logistique\/#article\",\"isPartOf\":{\"@id\":\"https:\/\/www.comau.com\/fr\/2026\/04\/07\/comau-au-salon-sitl-avec-low-ergofrance-une-ergonomie-de-pointe-pour-la-logistique\/\"},\"author\":{\"name\":\"Stefania Bernabeo\",\"@id\":\"https:\/\/www.comau.com\/fr\/#\/schema\/person\/39c33ef3d11161573e6b66bc5abd090d\"},\"headline\":\"Comau au salon SITL avec Low-Ergofrance : une ergonomie de pointe pour la logistique\",\"datePublished\":\"2026-04-07T12:13:30+00:00\",\"dateModified\":\"2026-04-08T16:26:07+00:00\",\"mainEntityOfPage\":{\"@id\":\"https:\/\/www.comau.com\/fr\/2026\/04\/07\/comau-au-salon-sitl-avec-low-ergofrance-une-ergonomie-de-pointe-pour-la-logistique\/\"},\"wordCount\":248,\"publisher\":{\"@id\":\"https:\/\/www.comau.com\/fr\/#organization\"},\"image\":{\"@id\":\"https:\/\/www.comau.com\/fr\/2026\/04\/07\/comau-au-salon-sitl-avec-low-ergofrance-une-ergonomie-de-pointe-pour-la-logistique\/#primaryimage\"},\"thumbnailUrl\":\"https:\/\/www.comau.com\/wp-content\/uploads\/2026\/03\/mate-xt_header.jpg\",\"articleSection\":[\"Events\"],\"inLanguage\":\"fr-FR\"},{\"@type\":\"WebPage\",\"@id\":\"https:\/\/www.comau.com\/fr\/2026\/04\/07\/comau-au-salon-sitl-avec-low-ergofrance-une-ergonomie-de-pointe-pour-la-logistique\/\",\"url\":\"https:\/\/www.comau.com\/fr\/2026\/04\/07\/comau-au-salon-sitl-avec-low-ergofrance-une-ergonomie-de-pointe-pour-la-logistique\/\",\"name\":\"Comau au salon SITL\",\"isPartOf\":{\"@id\":\"https:\/\/www.comau.com\/fr\/#website\"},\"primaryImageOfPage\":{\"@id\":\"https:\/\/www.comau.com\/fr\/2026\/04\/07\/comau-au-salon-sitl-avec-low-ergofrance-une-ergonomie-de-pointe-pour-la-logistique\/#primaryimage\"},\"image\":{\"@id\":\"https:\/\/www.comau.com\/fr\/2026\/04\/07\/comau-au-salon-sitl-avec-low-ergofrance-une-ergonomie-de-pointe-pour-la-logistique\/#primaryimage\"},\"thumbnailUrl\":\"https:\/\/www.comau.com\/wp-content\/uploads\/2026\/03\/mate-xt_header.jpg\",\"datePublished\":\"2026-04-07T12:13:30+00:00\",\"dateModified\":\"2026-04-08T16:26:07+00:00\",\"description\":\"la robotique portable de Comau\",\"breadcrumb\":{\"@id\":\"https:\/\/www.comau.com\/fr\/2026\/04\/07\/comau-au-salon-sitl-avec-low-ergofrance-une-ergonomie-de-pointe-pour-la-logistique\/#breadcrumb\"},\"inLanguage\":\"fr-FR\",\"potentialAction\":[{\"@type\":\"ReadAction\",\"target\":[\"https:\/\/www.comau.com\/fr\/2026\/04\/07\/comau-au-salon-sitl-avec-low-ergofrance-une-ergonomie-de-pointe-pour-la-logistique\/\"]}]},{\"@type\":\"ImageObject\",\"inLanguage\":\"fr-FR\",\"@id\":\"https:\/\/www.comau.com\/fr\/2026\/04\/07\/comau-au-salon-sitl-avec-low-ergofrance-une-ergonomie-de-pointe-pour-la-logistique\/#primaryimage\",\"url\":\"https:\/\/www.comau.com\/wp-content\/uploads\/2026\/03\/mate-xt_header.jpg\",\"contentUrl\":\"https:\/\/www.comau.com\/wp-content\/uploads\/2026\/03\/mate-xt_header.jpg\",\"width\":1920,\"height\":606},{\"@type\":\"BreadcrumbList\",\"@id\":\"https:\/\/www.comau.com\/fr\/2026\/04\/07\/comau-au-salon-sitl-avec-low-ergofrance-une-ergonomie-de-pointe-pour-la-logistique\/#breadcrumb\",\"itemListElement\":[{\"@type\":\"ListItem\",\"position\":1,\"name\":\"Home\",\"item\":\"https:\/\/www.comau.com\/fr\/\"},{\"@type\":\"ListItem\",\"position\":2,\"name\":\"Newsroom\",\"item\":\"https:\/\/www.comau.com\/fr\/newsroom\/\"},{\"@type\":\"ListItem\",\"position\":3,\"name\":\"Comau au salon SITL avec Low-Ergofrance : une ergonomie de pointe pour la logistique\"}]},{\"@type\":\"WebSite\",\"@id\":\"https:\/\/www.comau.com\/fr\/#website\",\"url\":\"https:\/\/www.comau.com\/fr\/\",\"name\":\"Comau\",\"description\":\"Industrial automation and robotics\",\"publisher\":{\"@id\":\"https:\/\/www.comau.com\/fr\/#organization\"},\"potentialAction\":[{\"@type\":\"SearchAction\",\"target\":{\"@type\":\"EntryPoint\",\"urlTemplate\":\"https:\/\/www.comau.com\/fr\/?s={search_term_string}\"},\"query-input\":{\"@type\":\"PropertyValueSpecification\",\"valueRequired\":true,\"valueName\":\"search_term_string\"}}],\"inLanguage\":\"fr-FR\"},{\"@type\":\"Organization\",\"@id\":\"https:\/\/www.comau.com\/fr\/#organization\",\"name\":\"Comau\",\"url\":\"https:\/\/www.comau.com\/fr\/\",\"logo\":{\"@type\":\"ImageObject\",\"inLanguage\":\"fr-FR\",\"@id\":\"https:\/\/www.comau.com\/fr\/#\/schema\/logo\/image\/\",\"url\":\"https:\/\/www.comau.com\/wp-content\/uploads\/2024\/07\/cropped-Logo-COMAU.png\",\"contentUrl\":\"https:\/\/www.comau.com\/wp-content\/uploads\/2024\/07\/cropped-Logo-COMAU.png\",\"width\":434,\"height\":434,\"caption\":\"Comau\"},\"image\":{\"@id\":\"https:\/\/www.comau.com\/fr\/#\/schema\/logo\/image\/\"},\"sameAs\":[\"https:\/\/www.facebook.com\/COMAU\/\",\"https:\/\/x.com\/comaugroup\",\"https:\/\/www.instagram.com\/comaugroup\/\",\"https:\/\/www.linkedin.com\/company\/comau\",\"https:\/\/www.youtube.com\/user\/comau\"]},{\"@type\":\"Person\",\"@id\":\"https:\/\/www.comau.com\/fr\/#\/schema\/person\/39c33ef3d11161573e6b66bc5abd090d\",\"name\":\"Stefania Bernabeo\"}]}<\/script>\n<!-- \/ Yoast SEO plugin. -->","yoast_head_json":{"title":"Comau au salon SITL","description":"la robotique portable de Comau","robots":{"index":"index","follow":"follow","max-snippet":"max-snippet:-1","max-image-preview":"max-image-preview:large","max-video-preview":"max-video-preview:-1"},"canonical":"https:\/\/www.comau.com\/fr\/2026\/04\/07\/comau-au-salon-sitl-avec-low-ergofrance-une-ergonomie-de-pointe-pour-la-logistique\/","og_locale":"fr_FR","og_type":"article","og_title":"Comau au salon SITL","og_description":"la robotique portable de Comau","og_url":"https:\/\/www.comau.com\/fr\/2026\/04\/07\/comau-au-salon-sitl-avec-low-ergofrance-une-ergonomie-de-pointe-pour-la-logistique\/","og_site_name":"Comau","article_publisher":"https:\/\/www.facebook.com\/COMAU\/","article_published_time":"2026-04-07T12:13:30+00:00","article_modified_time":"2026-04-08T16:26:07+00:00","og_image":[{"width":1920,"height":606,"url":"https:\/\/www.comau.com\/wp-content\/uploads\/2026\/03\/mate-xt_header.jpg","type":"image\/jpeg"}],"author":"Stefania Bernabeo","twitter_card":"summary_large_image","twitter_creator":"@comaugroup","twitter_site":"@comaugroup","twitter_misc":{"\u00c9crit par":"Stefania Bernabeo","Dur\u00e9e de lecture estim\u00e9e":"2 minutes"},"schema":{"@context":"https:\/\/schema.org","@graph":[{"@type":"Article","@id":"https:\/\/www.comau.com\/fr\/2026\/04\/07\/comau-au-salon-sitl-avec-low-ergofrance-une-ergonomie-de-pointe-pour-la-logistique\/#article","isPartOf":{"@id":"https:\/\/www.comau.com\/fr\/2026\/04\/07\/comau-au-salon-sitl-avec-low-ergofrance-une-ergonomie-de-pointe-pour-la-logistique\/"},"author":{"name":"Stefania Bernabeo","@id":"https:\/\/www.comau.com\/fr\/#\/schema\/person\/39c33ef3d11161573e6b66bc5abd090d"},"headline":"Comau au salon SITL avec Low-Ergofrance : une ergonomie de pointe pour la logistique","datePublished":"2026-04-07T12:13:30+00:00","dateModified":"2026-04-08T16:26:07+00:00","mainEntityOfPage":{"@id":"https:\/\/www.comau.com\/fr\/2026\/04\/07\/comau-au-salon-sitl-avec-low-ergofrance-une-ergonomie-de-pointe-pour-la-logistique\/"},"wordCount":248,"publisher":{"@id":"https:\/\/www.comau.com\/fr\/#organization"},"image":{"@id":"https:\/\/www.comau.com\/fr\/2026\/04\/07\/comau-au-salon-sitl-avec-low-ergofrance-une-ergonomie-de-pointe-pour-la-logistique\/#primaryimage"},"thumbnailUrl":"https:\/\/www.comau.com\/wp-content\/uploads\/2026\/03\/mate-xt_header.jpg","articleSection":["Events"],"inLanguage":"fr-FR"},{"@type":"WebPage","@id":"https:\/\/www.comau.com\/fr\/2026\/04\/07\/comau-au-salon-sitl-avec-low-ergofrance-une-ergonomie-de-pointe-pour-la-logistique\/","url":"https:\/\/www.comau.com\/fr\/2026\/04\/07\/comau-au-salon-sitl-avec-low-ergofrance-une-ergonomie-de-pointe-pour-la-logistique\/","name":"Comau au salon SITL","isPartOf":{"@id":"https:\/\/www.comau.com\/fr\/#website"},"primaryImageOfPage":{"@id":"https:\/\/www.comau.com\/fr\/2026\/04\/07\/comau-au-salon-sitl-avec-low-ergofrance-une-ergonomie-de-pointe-pour-la-logistique\/#primaryimage"},"image":{"@id":"https:\/\/www.comau.com\/fr\/2026\/04\/07\/comau-au-salon-sitl-avec-low-ergofrance-une-ergonomie-de-pointe-pour-la-logistique\/#primaryimage"},"thumbnailUrl":"https:\/\/www.comau.com\/wp-content\/uploads\/2026\/03\/mate-xt_header.jpg","datePublished":"2026-04-07T12:13:30+00:00","dateModified":"2026-04-08T16:26:07+00:00","description":"la robotique portable de Comau","breadcrumb":{"@id":"https:\/\/www.comau.com\/fr\/2026\/04\/07\/comau-au-salon-sitl-avec-low-ergofrance-une-ergonomie-de-pointe-pour-la-logistique\/#breadcrumb"},"inLanguage":"fr-FR","potentialAction":[{"@type":"ReadAction","target":["https:\/\/www.comau.com\/fr\/2026\/04\/07\/comau-au-salon-sitl-avec-low-ergofrance-une-ergonomie-de-pointe-pour-la-logistique\/"]}]},{"@type":"ImageObject","inLanguage":"fr-FR","@id":"https:\/\/www.comau.com\/fr\/2026\/04\/07\/comau-au-salon-sitl-avec-low-ergofrance-une-ergonomie-de-pointe-pour-la-logistique\/#primaryimage","url":"https:\/\/www.comau.com\/wp-content\/uploads\/2026\/03\/mate-xt_header.jpg","contentUrl":"https:\/\/www.comau.com\/wp-content\/uploads\/2026\/03\/mate-xt_header.jpg","width":1920,"height":606},{"@type":"BreadcrumbList","@id":"https:\/\/www.comau.com\/fr\/2026\/04\/07\/comau-au-salon-sitl-avec-low-ergofrance-une-ergonomie-de-pointe-pour-la-logistique\/#breadcrumb","itemListElement":[{"@type":"ListItem","position":1,"name":"Home","item":"https:\/\/www.comau.com\/fr\/"},{"@type":"ListItem","position":2,"name":"Newsroom","item":"https:\/\/www.comau.com\/fr\/newsroom\/"},{"@type":"ListItem","position":3,"name":"Comau au salon SITL avec Low-Ergofrance : une ergonomie de pointe pour la logistique"}]},{"@type":"WebSite","@id":"https:\/\/www.comau.com\/fr\/#website","url":"https:\/\/www.comau.com\/fr\/","name":"Comau","description":"Industrial automation and robotics","publisher":{"@id":"https:\/\/www.comau.com\/fr\/#organization"},"potentialAction":[{"@type":"SearchAction","target":{"@type":"EntryPoint","urlTemplate":"https:\/\/www.comau.com\/fr\/?s={search_term_string}"},"query-input":{"@type":"PropertyValueSpecification","valueRequired":true,"valueName":"search_term_string"}}],"inLanguage":"fr-FR"},{"@type":"Organization","@id":"https:\/\/www.comau.com\/fr\/#organization","name":"Comau","url":"https:\/\/www.comau.com\/fr\/","logo":{"@type":"ImageObject","inLanguage":"fr-FR","@id":"https:\/\/www.comau.com\/fr\/#\/schema\/logo\/image\/","url":"https:\/\/www.comau.com\/wp-content\/uploads\/2024\/07\/cropped-Logo-COMAU.png","contentUrl":"https:\/\/www.comau.com\/wp-content\/uploads\/2024\/07\/cropped-Logo-COMAU.png","width":434,"height":434,"caption":"Comau"},"image":{"@id":"https:\/\/www.comau.com\/fr\/#\/schema\/logo\/image\/"},"sameAs":["https:\/\/www.facebook.com\/COMAU\/","https:\/\/x.com\/comaugroup","https:\/\/www.instagram.com\/comaugroup\/","https:\/\/www.linkedin.com\/company\/comau","https:\/\/www.youtube.com\/user\/comau"]},{"@type":"Person","@id":"https:\/\/www.comau.com\/fr\/#\/schema\/person\/39c33ef3d11161573e6b66bc5abd090d","name":"Stefania Bernabeo"}]}},"_links":{"self":[{"href":"https:\/\/www.comau.com\/fr\/wp-json\/wp\/v2\/posts\/87029","targetHints":{"allow":["GET"]}}],"collection":[{"href":"https:\/\/www.comau.com\/fr\/wp-json\/wp\/v2\/posts"}],"about":[{"href":"https:\/\/www.comau.com\/fr\/wp-json\/wp\/v2\/types\/post"}],"author":[{"embeddable":true,"href":"https:\/\/www.comau.com\/fr\/wp-json\/wp\/v2\/users\/19"}],"replies":[{"embeddable":true,"href":"https:\/\/www.comau.com\/fr\/wp-json\/wp\/v2\/comments?post=87029"}],"version-history":[{"count":2,"href":"https:\/\/www.comau.com\/fr\/wp-json\/wp\/v2\/posts\/87029\/revisions"}],"predecessor-version":[{"id":87031,"href":"https:\/\/www.comau.com\/fr\/wp-json\/wp\/v2\/posts\/87029\/revisions\/87031"}],"wp:featuredmedia":[{"embeddable":true,"href":"https:\/\/www.comau.com\/fr\/wp-json\/wp\/v2\/media\/86230"}],"wp:attachment":[{"href":"https:\/\/www.comau.com\/fr\/wp-json\/wp\/v2\/media?parent=87029"}],"wp:term":[{"taxonomy":"category","embeddable":true,"href":"https:\/\/www.comau.com\/fr\/wp-json\/wp\/v2\/categories?post=87029"},{"taxonomy":"post_tag","embeddable":true,"href":"https:\/\/www.comau.com\/fr\/wp-json\/wp\/v2\/tags?post=87029"}],"curies":[{"name":"wp","href":"https:\/\/api.w.org\/{rel}","templated":true}]}}