{"id":81831,"date":"2025-10-07T12:08:10","date_gmt":"2025-10-07T10:08:10","guid":{"rendered":"https:\/\/www.comau.com\/?p=81831"},"modified":"2025-10-07T12:13:26","modified_gmt":"2025-10-07T10:13:26","slug":"comau-renforce-sa-collaboration-avec-intecells-pour-accelerer-le-developpement-et-la-commercialisation-de-la-prochaine-generation-de-procede-de-fabrication-delectrodes-de-batteries","status":"publish","type":"post","link":"https:\/\/www.comau.com\/fr\/2025\/10\/07\/comau-renforce-sa-collaboration-avec-intecells-pour-accelerer-le-developpement-et-la-commercialisation-de-la-prochaine-generation-de-procede-de-fabrication-delectrodes-de-batteries\/","title":{"rendered":"Comau renforce sa collaboration avec Intecells pour acc\u00e9l\u00e9rer le d\u00e9veloppement et la commercialisation de la prochaine g\u00e9n\u00e9ration de proc\u00e9d\u00e9 de fabrication d\u2019\u00e9lectrodes de batteries"},"content":{"rendered":"\n<h2 class=\"wp-block-heading has-text-color\" style=\"color:#191919;font-size:16px;font-style:normal;font-weight:400\">\u2022 Apr\u00e8s une premi\u00e8re phase de d\u00e9veloppement, Comau a particip\u00e9 \u00e0 la lev\u00e9e de fonds d\u2019Intecells en acqu\u00e9rant une participation au capital de l\u2019entreprise.<\/h2>\n\n\n\n<div style=\"height:15px\" aria-hidden=\"true\" class=\"wp-block-spacer\"><\/div>\n\n\n\n<h2 class=\"wp-block-heading has-text-color\" style=\"color:#191919;font-size:16px;font-style:normal;font-weight:400\">\u2022 Les deux soci\u00e9t\u00e9s poursuivront leur collaboration afin de proposer une solution innovante pour la production d\u2019\u00e9lectrodes, bas\u00e9e sur la technologie du plasma froid, visant \u00e0 optimiser le processus de fabrication.<\/h2>\n\n\n\n<div style=\"height:15px\" aria-hidden=\"true\" class=\"wp-block-spacer\"><\/div>\n\n\n\n<h2 class=\"wp-block-heading has-text-color\" style=\"color:#191919;font-size:16px;font-style:normal;font-weight:400\">\u2022 La solution d\u00e9velopp\u00e9e conjointement permettra d\u2019am\u00e9liorer les performances des cellules tout en r\u00e9duisant les co\u00fbts d\u2019investissement de 50 %, ainsi que la consommation d\u2019\u00e9nergie et les \u00e9missions de carbone de moiti\u00e9.<\/h2>\n\n\n\n<div style=\"height:15px\" aria-hidden=\"true\" class=\"wp-block-spacer\"><\/div>\n\n\n\n<div style=\"height:25px\" aria-hidden=\"true\" class=\"wp-block-spacer\"><\/div>\n\n\n\n<!-- Simple Share Buttons Adder (8.5.3) simplesharebuttons.com --><div class=\"ssba-modern-2 ssba ssbp-wrap aligncenter ssbp--theme-8\"><div style=\"text-align:center\"><ul class=\"ssbp-list\"><li class='ssbp-li--email'><a data-site=\"email\" class=\"ssba_email_share ssba_share_link ssbp-email ssbp-btn\" href=\"mailto:?subject=Comau renforce sa collaboration avec Intecells pour acc\u00e9l\u00e9rer le d\u00e9veloppement et la commercialisation de la prochaine g\u00e9n\u00e9ration de proc\u00e9d\u00e9 de fabrication d\u2019\u00e9lectrodes de batteries&body=https:\/\/www.comau.com\/fr\/wp-json\/wp\/v2\/posts\/81831\"  target=_blank  rel=nofollow  style=\"color:#7d7d7d; background-color: #7d7d7d; height: 32px; width: 32px; \" ><span><svg xmlns=\"http:\/\/www.w3.org\/2000\/svg\" fill=\"#fff\" preserveAspectRatio=\"xMidYMid meet\" height=\"1em\" width=\"1em\" viewBox=\"0 0 40 40\">\n  <g>\n    <path d=\"m33.4 13.4v-3.4l-13.4 8.4-13.4-8.4v3.4l13.4 8.2z m0-6.8q1.3 0 2.3 1.1t0.9 2.3v20q0 1.3-0.9 2.3t-2.3 1.1h-26.8q-1.3 0-2.3-1.1t-0.9-2.3v-20q0-1.3 0.9-2.3t2.3-1.1h26.8z\"><\/path>\n  <\/g>\n<\/svg>\n\n<\/span><span class=\"color-icon\"><svg xmlns=\"http:\/\/www.w3.org\/2000\/svg\" width=\"34\" height=\"28\" viewBox=\"0 0 34 28\">\n  <path fill=\"#7D7D7D\" d=\"M30.4,7.4 L30.4,4 L17,12.4 L3.6,4 L3.6,7.4 L17,15.6 L30.4,7.4 Z M30.4,0.6 C31.2666667,0.6 32.0333333,0.966666667 32.7,1.7 C33.3666667,2.43333333 33.6666667,3.2 33.6,4 L33.6,24 C33.6,24.8666667 33.3,25.6333333 32.7,26.3 C32.1,26.9666667 31.3333333,27.3333333 30.4,27.4 L3.6,27.4 C2.73333333,27.4 1.96666667,27.0333333 1.3,26.3 C0.633333333,25.5666667 0.333333333,24.8 0.4,24 L0.4,4 C0.4,3.13333333 0.7,2.36666667 1.3,1.7 C1.9,1.03333333 2.66666667,0.666666667 3.6,0.6 L30.4,0.6 Z\"\/>\n<\/svg>\n<\/span><div title=\"Email\" class=\"ssbp-text\">Email<\/div><\/a><\/li><li class='ssbp-li--whatsapp'><a data-site=\"whatsapp\" class=\"ssba_whatsapp_share ssba_share_link ssbp-whatsapp ssbp-btn\" href=\"https:\/\/web.whatsapp.com\/send?text=https:\/\/www.comau.com\/fr\/wp-json\/wp\/v2\/posts\/81831\"  target=_blank  rel=nofollow  style=\"color:#25d366; background-color: #25d366; height: 32px; width: 32px; \" ><span><svg xmlns=\"http:\/\/www.w3.org\/2000\/svg\" fill=\"#fff\" preserveAspectRatio=\"xMidYMid meet\" height=\"1em\" width=\"1em\" viewBox=\"0 0 40 40\">\n  <g>\n    <path d=\"m25 21.7q0.3 0 2.2 1t2 1.2q0 0.1 0 0.3 0 0.8-0.4 1.7-0.3 0.9-1.6 1.5t-2.2 0.6q-1.3 0-4.3-1.4-2.2-1-3.8-2.6t-3.3-4.2q-1.6-2.3-1.6-4.3v-0.2q0.1-2 1.7-3.5 0.5-0.5 1.2-0.5 0.1 0 0.4 0t0.4 0.1q0.4 0 0.6 0.1t0.3 0.6q0.2 0.5 0.8 2t0.5 1.7q0 0.5-0.8 1.3t-0.7 1q0 0.2 0.1 0.3 0.7 1.7 2.3 3.1 1.2 1.2 3.3 2.2 0.3 0.2 0.5 0.2 0.4 0 1.2-1.1t1.2-1.1z m-4.5 11.9q2.8 0 5.4-1.1t4.5-3 3-4.5 1.1-5.4-1.1-5.5-3-4.5-4.5-2.9-5.4-1.2-5.5 1.2-4.5 2.9-2.9 4.5-1.2 5.5q0 4.5 2.7 8.2l-1.7 5.2 5.4-1.8q3.5 2.4 7.7 2.4z m0-30.9q3.4 0 6.5 1.4t5.4 3.6 3.5 5.3 1.4 6.6-1.4 6.5-3.5 5.3-5.4 3.6-6.5 1.4q-4.4 0-8.2-2.1l-9.3 3 3-9.1q-2.4-3.9-2.4-8.6 0-3.5 1.4-6.6t3.6-5.3 5.3-3.6 6.6-1.4z\"><\/path>\n  <\/g>\n<\/svg>\n\n<\/span><span class=\"color-icon\"><svg xmlns=\"http:\/\/www.w3.org\/2000\/svg\" width=\"35\" height=\"36\" viewBox=\"0 0 35 36\">\n  <path fill=\"#25D366\" d=\"M22,19.7 C22.2,19.7 22.9333333,20.0333333 24.2,20.7 C25.4666667,21.3666667 26.1333333,21.7666667 26.2,21.9 C26.2,21.9666667 26.2,22.0666667 26.2,22.2 C26.2,22.7333333 26.0666667,23.3 25.8,23.9 C25.6,24.5 25.0666667,25 24.2,25.4 C23.3333333,25.8 22.6,26 22,26 C21.1333333,26 19.7,25.5333333 17.7,24.6 C16.2333333,23.9333333 14.9666667,23.0666667 13.9,22 C12.8333333,20.9333333 11.7333333,19.5333333 10.6,17.8 C9.53333333,16.2666667 9,14.8333333 9,13.5 L9,13.3 C9.06666667,11.9666667 9.63333333,10.8 10.7,9.8 C11.0333333,9.46666667 11.4333333,9.3 11.9,9.3 C11.9666667,9.3 12.1,9.3 12.3,9.3 C12.5,9.3 12.6333333,9.33333333 12.7,9.4 C12.9666667,9.4 13.1666667,9.43333333 13.3,9.5 C13.4333333,9.56666667 13.5333333,9.76666667 13.6,10.1 C13.7333333,10.4333333 14,11.1 14.4,12.1 C14.8,13.1 14.9666667,13.6666667 14.9,13.8 C14.9,14.1333333 14.6333333,14.5666667 14.1,15.1 C13.5666667,15.6333333 13.3333333,15.9666667 13.4,16.1 C13.4,16.2333333 13.4333333,16.3333333 13.5,16.4 C13.9666667,17.5333333 14.7333333,18.5666667 15.8,19.5 C16.6,20.3 17.7,21.0333333 19.1,21.7 C19.3,21.8333333 19.4666667,21.9 19.6,21.9 C19.8666667,21.9 20.2666667,21.5333333 20.8,20.8 C21.3333333,20.0666667 21.7333333,19.7 22,19.7 Z M17.5,31.6 C19.3666667,31.6 21.1666667,31.2333333 22.9,30.5 C24.6333333,29.7666667 26.1333333,28.7666667 27.4,27.5 C28.6666667,26.2333333 29.6666667,24.7333333 30.4,23 C31.1333333,21.2666667 31.5,19.4666667 31.5,17.6 C31.5,15.7333333 31.1333333,13.9 30.4,12.1 C29.6666667,10.3 28.6666667,8.8 27.4,7.6 C26.1333333,6.4 24.6333333,5.43333333 22.9,4.7 C21.1666667,3.96666667 19.3666667,3.56666667 17.5,3.5 C15.6333333,3.43333333 13.8,3.83333333 12,4.7 C10.2,5.56666667 8.7,6.53333333 7.5,7.6 C6.3,8.66666667 5.33333333,10.1666667 4.6,12.1 C3.86666667,14.0333333 3.46666667,15.8666667 3.4,17.6 C3.4,20.6 4.3,23.3333333 6.1,25.8 L4.4,31 L9.8,29.2 C12.1333333,30.8 14.7,31.6 17.5,31.6 Z M17.5,0.7 C19.7666667,0.7 21.9333333,1.16666667 24,2.1 C26.0666667,3.03333333 27.8666667,4.23333333 29.4,5.7 C30.9333333,7.16666667 32.1,8.93333333 32.9,11 C33.7,13.0666667 34.1666667,15.2666667 34.3,17.6 C34.4333333,19.9333333 33.9666667,22.1 32.9,24.1 C31.8333333,26.1 30.6666667,27.8666667 29.4,29.4 C28.1333333,30.9333333 26.3333333,32.1333333 24,33 C21.6666667,33.8666667 19.5,34.3333333 17.5,34.4 C14.5666667,34.4 11.8333333,33.7 9.3,32.3 L0,35.3 L3,26.2 C1.4,23.6 0.6,20.7333333 0.6,17.6 C0.6,15.2666667 1.06666667,13.0666667 2,11 C2.93333333,8.93333333 4.13333333,7.16666667 5.6,5.7 C7.06666667,4.23333333 8.83333333,3.03333333 10.9,2.1 C12.9666667,1.16666667 15.1666667,0.7 17.5,0.7 Z\"\/>\n<\/svg>\n<\/span><div title=\"Whatsapp\" class=\"ssbp-text\">Whatsapp<\/div><\/a><\/li><li class='ssbp-li--facebook'><a data-site=\"facebook\" class=\"ssba_facebook_share ssba_share_link ssbp-facebook ssbp-btn\" href=\"https:\/\/www.facebook.com\/sharer.php?t=Comau renforce sa collaboration avec Intecells pour acc\u00e9l\u00e9rer le d\u00e9veloppement et la commercialisation de la prochaine g\u00e9n\u00e9ration de proc\u00e9d\u00e9 de fabrication d\u2019\u00e9lectrodes de batteries&u=https:\/\/www.comau.com\/fr\/wp-json\/wp\/v2\/posts\/81831\"  target=_blank  rel=nofollow  style=\"color:#4267B2; background-color: #4267B2; height: 32px; width: 32px; \" ><span><svg xmlns=\"http:\/\/www.w3.org\/2000\/svg\" fill=\"#fff\" preserveAspectRatio=\"xMidYMid meet\" height=\"1em\" width=\"1em\" viewBox=\"0 0 40 40\">\n  <g>\n    <path d=\"m21.7 16.7h5v5h-5v11.6h-5v-11.6h-5v-5h5v-2.1c0-2 0.6-4.5 1.8-5.9 1.3-1.3 2.8-2 4.7-2h3.5v5h-3.5c-0.9 0-1.5 0.6-1.5 1.5v3.5z\"><\/path>\n  <\/g>\n<\/svg>\n\n<\/span><span class=\"color-icon\"><svg xmlns=\"http:\/\/www.w3.org\/2000\/svg\" width=\"16\" height=\"28\" viewBox=\"0 0 16 28\">\n  <path fill=\"#3B5998\" d=\"M10.7,10.7 L15.7,10.7 L15.7,15.7 L10.7,15.7 L10.7,27.3 L5.7,27.3 L5.7,15.7 L0.7,15.7 L0.7,10.7 L5.7,10.7 L5.7,8.6 C5.7,6.6 6.3,4.1 7.5,2.7 C8.8,1.4 10.3,0.7 12.2,0.7 L15.7,0.7 L15.7,5.7 L12.2,5.7 C11.3,5.7 10.7,6.3 10.7,7.2 L10.7,10.7 Z\"\/>\n<\/svg>\n<\/span><div title=\"Facebook\" class=\"ssbp-text\">Facebook<\/div><\/a><\/li><li class='ssbp-li--twitter'><a data-site=\"twitter\" class=\"ssba_twitter_share ssba_share_link ssbp-twitter ssbp-btn\" href=\"https:\/\/twitter.com\/intent\/tweet?text=Comau renforce sa collaboration avec Intecells pour acc\u00e9l\u00e9rer le d\u00e9veloppement et la commercialisation de la prochaine g\u00e9n\u00e9ration de proc\u00e9d\u00e9 de fabrication d\u2019\u00e9lectrodes de batteries&url=https:\/\/www.comau.com\/fr\/wp-json\/wp\/v2\/posts\/81831&via=\"  target=_blank  rel=nofollow  style=\"color:#000000; background-color: #000000; height: 32px; width: 32px; \" ><span><svg width=\"25\" height=\"25\" viewBox=\"0 0 25 25\" fill=\"none\" xmlns=\"http:\/\/www.w3.org\/2000\/svg\">\n    <rect width=\"25\" height=\"25\" \/>\n    <path d=\"M14.4821 11.6218L21.0389 4H19.4852L13.7919 10.6179L9.24467 4H4L10.8763 14.0074L4 22H5.55385L11.5661 15.0113L16.3683 22H21.613L14.4821 11.6218ZM6.11371 5.16972H8.50031L19.4859 20.8835H17.0993L6.11371 5.16972Z\" fill=\"white\"\/>\n<\/svg>\n<\/span><span class=\"color-icon\"><svg width=\"25\" height=\"25\" viewBox=\"0 0 25 25\" fill=\"none\" xmlns=\"http:\/\/www.w3.org\/2000\/svg\">\n\t<rect width=\"25\" height=\"25\" \/>\n\t<path d=\"M14.4821 11.6218L21.0389 4H19.4852L13.7919 10.6179L9.24467 4H4L10.8763 14.0074L4 22H5.55385L11.5661 15.0113L16.3683 22H21.613L14.4821 11.6218ZM6.11371 5.16972H8.50031L19.4859 20.8835H17.0993L6.11371 5.16972Z\" fill=\"#000000\"\/>\n<\/svg>\n<\/span><div title=\"Twitter\" class=\"ssbp-text\">Twitter<\/div><\/a><\/li><li class='ssbp-li--linkedin'><a data-site=\"linkedin\" class=\"ssba_linkedin_share ssba_share_link ssbp-linkedin ssbp-btn\" href=\"https:\/\/www.linkedin.com\/shareArticle?title=Comau renforce sa collaboration avec Intecells pour acc\u00e9l\u00e9rer le d\u00e9veloppement et la commercialisation de la prochaine g\u00e9n\u00e9ration de proc\u00e9d\u00e9 de fabrication d\u2019\u00e9lectrodes de batteries&url=https:\/\/www.comau.com\/fr\/wp-json\/wp\/v2\/posts\/81831\"  target=_blank  rel=nofollow  style=\"color:#0077b5; background-color: #0077b5; height: 32px; width: 32px; \" ><span><svg xmlns=\"http:\/\/www.w3.org\/2000\/svg\" fill=\"#fff\" preserveAspectRatio=\"xMidYMid meet\" height=\"1em\" width=\"1em\" viewBox=\"0 0 40 40\">\n  <g>\n    <path d=\"m13.3 31.7h-5v-16.7h5v16.7z m18.4 0h-5v-8.9c0-2.4-0.9-3.5-2.5-3.5-1.3 0-2.1 0.6-2.5 1.9v10.5h-5s0-15 0-16.7h3.9l0.3 3.3h0.1c1-1.6 2.7-2.8 4.9-2.8 1.7 0 3.1 0.5 4.2 1.7 1 1.2 1.6 2.8 1.6 5.1v9.4z m-18.3-20.9c0 1.4-1.1 2.5-2.6 2.5s-2.5-1.1-2.5-2.5 1.1-2.5 2.5-2.5 2.6 1.2 2.6 2.5z\"><\/path>\n  <\/g>\n<\/svg>\n\n<\/span><span class=\"color-icon\"><svg xmlns=\"http:\/\/www.w3.org\/2000\/svg\" xmlns:xlink=\"http:\/\/www.w3.org\/1999\/xlink\" width=\"50px\" height=\"50px\" viewBox=\"0 0 50 50\" version=\"1.1\">\n<g id=\"surface97807\">\n<path style=\" stroke:none;fill-rule:nonzero;fill:rgb(0%,46.666667%,70.980392%);fill-opacity:1;\" d=\"M 8 3.007812 C 4.53125 3.007812 2.007812 5.089844 2.007812 7.949219 C 2.007812 10.820312 4.589844 12.988281 8 12.988281 C 11.46875 12.988281 13.988281 10.871094 13.988281 7.890625 C 13.832031 5.019531 11.359375 3.007812 8 3.007812 Z M 3 15 C 2.449219 15 2 15.449219 2 16 L 2 45 C 2 45.550781 2.449219 46 3 46 L 13 46 C 13.550781 46 14 45.550781 14 45 L 14 16 C 14 15.449219 13.550781 15 13 15 Z M 18 15 C 17.449219 15 17 15.449219 17 16 L 17 45 C 17 45.550781 17.449219 46 18 46 L 27 46 C 27.550781 46 28 45.550781 28 45 L 28 29.5 C 28 27.128906 29.820312 25.199219 32.140625 25.019531 C 32.261719 25 32.378906 25 32.5 25 C 32.621094 25 32.738281 25 32.859375 25.019531 C 35.179688 25.199219 37 27.128906 37 29.5 L 37 45 C 37 45.550781 37.449219 46 38 46 L 47 46 C 47.550781 46 48 45.550781 48 45 L 48 28 C 48 21.53125 44.527344 15 36.789062 15 C 33.269531 15 30.609375 16.359375 29 17.488281 L 29 16 C 29 15.449219 28.550781 15 28 15 Z M 18 15 \"\/>\n<\/g>\n<\/svg>\n<\/span><div title=\"Linkedin\" class=\"ssbp-text\">Linkedin<\/div><\/a><\/li><li class='ssbp-li--copy'><a data-site=\"copy\" class=\"ssba_copy_share ssba_share_link ssbp-copy ssbp-btn\" href=\"https:\/\/www.comau.com\/fr\/wp-json\/wp\/v2\/posts\/81831\"  target=_blank  rel=nofollow  style=\"color:#14682B; background-color: #14682B; height: 32px; width: 32px; \" ><span><svg width=\"24\" height=\"24\" viewBox=\"0 0 24 24\" fill=\"none\" xmlns=\"http:\/\/www.w3.org\/2000\/svg\">\n<path fill-rule=\"evenodd\" clip-rule=\"evenodd\" d=\"M5.73913 4C4.76495 4 4 4.76495 4 5.73913V15.1304C4 16.1046 4.76495 16.8696 5.73913 16.8696H15.1304C16.1046 16.8696 16.8696 16.1046 16.8696 15.1304V5.73913C16.8696 4.76495 16.1046 4 15.1304 4H5.73913ZM5.73913 4.69565H15.1304C15.7215 4.69565 16.1739 5.1481 16.1739 5.73913V15.1304C16.1739 15.7215 15.7215 16.1739 15.1304 16.1739H5.73913C5.1481 16.1739 4.69565 15.7215 4.69565 15.1304V5.73913C4.69565 5.1481 5.1481 4.69565 5.73913 4.69565ZM17.5652 7.13043V7.82609H18.2609C18.8519 7.82609 19.3043 8.27853 19.3043 8.86957V18.2609C19.3043 18.8519 18.8519 19.3043 18.2609 19.3043H8.86957C8.27853 19.3043 7.82609 18.8519 7.82609 18.2609V17.5652H7.13043V18.2609C7.13043 19.2351 7.89538 20 8.86957 20H18.2609C19.2351 20 20 19.2351 20 18.2609V8.86957C20 7.89538 19.2351 7.13043 18.2609 7.13043H17.5652Z\" fill=\"white\"\/>\n<\/svg>\n<\/span><span class=\"color-icon\"><svg width=\"24\" height=\"24\" viewBox=\"0 0 24 24\" fill=\"none\" xmlns=\"http:\/\/www.w3.org\/2000\/svg\">\n<path fill-rule=\"evenodd\" clip-rule=\"evenodd\" d=\"M5.73913 4C4.76495 4 4 4.76495 4 5.73913V15.1304C4 16.1046 4.76495 16.8696 5.73913 16.8696H15.1304C16.1046 16.8696 16.8696 16.1046 16.8696 15.1304V5.73913C16.8696 4.76495 16.1046 4 15.1304 4H5.73913ZM5.73913 4.69565H15.1304C15.7215 4.69565 16.1739 5.1481 16.1739 5.73913V15.1304C16.1739 15.7215 15.7215 16.1739 15.1304 16.1739H5.73913C5.1481 16.1739 4.69565 15.7215 4.69565 15.1304V5.73913C4.69565 5.1481 5.1481 4.69565 5.73913 4.69565ZM17.5652 7.13043V7.82609H18.2609C18.8519 7.82609 19.3043 8.27853 19.3043 8.86957V18.2609C19.3043 18.8519 18.8519 19.3043 18.2609 19.3043H8.86957C8.27853 19.3043 7.82609 18.8519 7.82609 18.2609V17.5652H7.13043V18.2609C7.13043 19.2351 7.89538 20 8.86957 20H18.2609C19.2351 20 20 19.2351 20 18.2609V8.86957C20 7.89538 19.2351 7.13043 18.2609 7.13043H17.5652Z\" fill=\"#13682B\"\/>\n<\/svg>\n<\/span><div title=\"Copy\" class=\"ssbp-text\">Copy<\/div><\/a><\/li><\/ul><\/div><\/div>\n\n\n\n<p class=\"has-text-align-center has-small-font-size\">Share this Press Release<\/p>\n\n\n\n<div style=\"height:var(--wp--preset--spacing--30)\" aria-hidden=\"true\" class=\"wp-block-spacer\"><\/div>\n\n\n\n<p class=\"has-small-font-size\"><strong>D\u00e9troit, Turin, le 7 octobre 2025<\/strong><\/p>\n\n\n\n<p><strong>Comau a renouvel\u00e9 sa collaboration strat\u00e9gique avec Intecells afin d\u2019optimiser l\u2019utilisation du plasma froid dans les processus industriels de fabrication de cellules.<\/strong> Apr\u00e8s une premi\u00e8re phase consacr\u00e9e au soutien de l\u2019industrialisation de l\u2019application innovante et brevet\u00e9e du plasma froid d\u00e9velopp\u00e9e par Intecells, Comau a investi dans la soci\u00e9t\u00e9, en acqu\u00e9rant une participation \u00e0 son capital.&nbsp;<\/p>\n\n\n\n<p>Gr\u00e2ce \u00e0 cet investissement, les deux entreprises valideront, aupr\u00e8s de leurs clients, la technologie rentable qu\u2019elles ont d\u00e9velopp\u00e9e et l\u2019int\u00e9greront aux lignes de production de cellules existantes, avec pour objectif de r\u00e9duire les temps de cycle et la consommation \u00e9nerg\u00e9tique lors des phases d\u2019impr\u00e9gnation (soaking) et de s\u00e9chage. Cette approche de pointe, propre \u00e0 Intecells, permet d\u2019\u00e9liminer le recours aux solvants et aux liants.&nbsp;<\/p>\n\n\n\n<p>Les partenaires se concentreront \u00e9galement sur l\u2019am\u00e9lioration de la capacit\u00e9, de la cyclabilit\u00e9 et de la qualit\u00e9 de production des cellules, pour l\u2019ensemble des types et formats de batteries.<\/p>\n\n\n\n<p><strong>En tant que fournisseur de r\u00e9f\u00e9rence de technologies de pointe dans le domaine de l\u2019\u00e9lectrification, Comau contribue activement \u00e0 l\u2019avancement du secteur gr\u00e2ce \u00e0 une approche globale couvrant tout le cycle de vie de la batterie : de la formation des cellules \u00e0 l\u2019assemblage des modules et packs, en passant par les tests, le d\u00e9mant\u00e8lement et le recyclage.&nbsp;<\/strong><\/p>\n\n\n\n<p>Dans un contexte de march\u00e9 exigeant, qui requiert une grande flexibilit\u00e9 de la part des fabricants, la production de batteries reste principalement d\u00e9di\u00e9e aux applications pour v\u00e9hicules \u00e9lectriques (VE), dont la croissance annuelle moyenne est estim\u00e9e \u00e0 15 % entre 2025 et 2030. Parall\u00e8lement, le march\u00e9 mondial du stockage d\u2019\u00e9nergie devrait conna\u00eetre une expansion significative, avec une croissance annuelle de 15 \u00e0 18 % et une capacit\u00e9 install\u00e9e totale de 1,5 TWh d\u2019ici 2030, sous l\u2019impulsion de projets de grande envergure men\u00e9s par les acteurs du secteur.&nbsp;<\/p>\n\n\n\n<hr class=\"wp-block-separator has-alpha-channel-opacity\" \/>\n\n\n\n<p>\u00ab <em>Cette nouvelle initiative refl\u00e8te notre engagement plus large \u00e0 investir dans l\u2019innovation en tant que moteur de croissance durable<\/em>. <em>Dans des secteurs en \u00e9volution rapide comme la mobilit\u00e9 \u00e9lectrique et le stockage stationnaire, o\u00f9 les entreprises sont confront\u00e9es \u00e0 la n\u00e9cessit\u00e9 d\u2019optimiser \u00e0 la fois les co\u00fbts produits et les co\u00fbts de production, il est essentiel de combiner excellence technologique et agilit\u00e9 op\u00e9rationnelle. Notre collaboration avec Intecells illustre la mani\u00e8re dont nous faisons progresser des solutions intelligentes et \u00e9volutives, int\u00e9grables aussi bien dans de nouvelles lignes de production que dans des installations existantes. En parall\u00e8le, elle renforce notre pr\u00e9sence aux \u00c9tats-Unis et soutient notre capacit\u00e9 \u00e0 op\u00e9rer efficacement \u00e0 l\u2019\u00e9chelle mondiale tout en r\u00e9pondant plus rapidement aux besoins des march\u00e9s locaux. <\/em>\u00bb&nbsp;<\/p>\n\n\n\n<p> <strong>Pietro Gorlier, CEO de Comau<\/strong><\/p>\n\n\n\n<hr class=\"wp-block-separator has-alpha-channel-opacity\" \/>\n\n\n\n<p>\u00ab <em>Nous remercions Comau pour son soutien et sa confiance dans la vision d\u2019Intecells. Cet investissement marque le d\u00e9but d\u2019un partenariat solide qui nous permettra d\u2019acc\u00e9l\u00e9rer notre expansion, d\u2019aller plus loin dans l\u2019innovation et d\u2019apporter encore plus de valeur \u00e0 nos clients<\/em> \u00bb.<\/p>\n\n\n\n<p><strong>Xiaohong Gayden, fondatrice et CEO d\u2019Intecells<\/strong><\/p>\n\n\n\n<hr class=\"wp-block-separator has-alpha-channel-opacity\" \/>\n\n\n\n<div style=\"height:50px\" aria-hidden=\"true\" class=\"wp-block-spacer\"><\/div>\n\n\n\n<div class=\"wp-block-group wide-section-light-1\"><div class=\"wp-block-group__inner-container is-layout-constrained wp-block-group-is-layout-constrained\">\n<div style=\"height:50px\" aria-hidden=\"true\" class=\"wp-block-spacer\"><\/div>\n\n\n\n<h2 class=\"wp-block-heading has-text-color has-link-color wp-elements-491b09f22015ce882a05c2b071f1dbf2\" style=\"color:#0046ad\">Downloads<\/h2>\n\n\n\n<div style=\"height:10px\" aria-hidden=\"true\" class=\"wp-block-spacer\"><\/div>\n\n\n\n<div class=\"wp-block-getwid-toggle has-icon-left\">\n<div class=\"wp-block-getwid-toggle__row\"><div class=\"wp-block-getwid-toggle__header-wrapper\"><span class=\"wp-block-getwid-toggle__header\"><a href=\"#\"><span class=\"wp-block-getwid-toggle__header-title\">Press Release<\/span><span class=\"wp-block-getwid-toggle__icon is-active\"><i class=\"fas fa-plus\"><\/i><\/span><span class=\"wp-block-getwid-toggle__icon is-passive\"><i class=\"fas fa-minus\"><\/i><\/span><\/a><\/span><\/div><div class=\"wp-block-getwid-toggle__content-wrapper\"><div class=\"wp-block-getwid-toggle__content\">\n<div class=\"wp-block-getwid-icon-box getwid-animation has-text-left\" data-animation=\"zoomSmall\"><div class=\"wp-block-getwid-icon-box__icon-container is-position-top\"><a href=\"https:\/\/www.comau.com\/wp-content\/uploads\/2025\/10\/PR_Comau-Intecells_FRA_2025.docx-1.pdf\" target=\"_blank\" rel=\"noopener\" class=\"wp-block-getwid-icon-box__icon-wrapper\"><i class=\"far fa-file-pdf\"><\/i><\/a><\/div><div class=\"wp-block-getwid-icon-box__content\">\n<h4 class=\"wp-block-heading has-text-align-left\" style=\"font-style:normal;font-weight:100\">PDF format<\/h4>\n<\/div><\/div>\n<\/div><\/div><\/div>\n<\/div>\n\n\n\n<div style=\"height:50px\" aria-hidden=\"true\" class=\"wp-block-spacer\"><\/div>\n<\/div><\/div>\n\n\n\n<div style=\"height:50px\" aria-hidden=\"true\" class=\"wp-block-spacer\"><\/div>\n\n\n\n<p class=\"has-text-color has-link-color wp-elements-169ca9eacd65dc9d27018541277b70f4\" style=\"color:#0046ad\"><strong><strong><strong>\u00c0 propos d<\/strong><\/strong><\/strong>&lsquo; <strong>Intecells<br><\/strong><\/p>\n\n\n\n<p>Intecells est une entreprise bas\u00e9e dans le Michigan qui d\u00e9veloppe des proc\u00e9d\u00e9s de fabrication de batteries et des \u00e9quipements uniques bas\u00e9s sur la technologie du plasma. D\u00e9j\u00e0 applicable \u00e0 la fabrication actuelle par voie liquide (slurry), sa technologie am\u00e9liore les performances en r\u00e9duisant les d\u00e9penses d\u2019investissement (capex), le temps de cycle et la consommation d\u2019\u00e9nergie, tout en augmentant la capacit\u00e9 des cellules.<br>Prochainement disponible sur le march\u00e9, la technologie de rev\u00eatement \u00e0 sec d\u2019Intecells permettra de produire des \u00e9lectrodes et des batteries \u00e0 l\u2019\u00e9tat solide. L\u2019objectif est de r\u00e9duire de 50 % les co\u00fbts de fabrication des cellules et de 70 % la consommation d\u2019\u00e9nergie et les \u00e9missions de CO\u2082.<br>Parmi les clients d\u2019Intecells figurent des fabricants de batteries, des constructeurs automobiles (OEM) et des producteurs de mat\u00e9riaux pour batteries. Intecells a \u00e9t\u00e9 nomm\u00e9e parmi les \u00ab 10 meilleures nouvelles entreprises de batteries \u00bb par NAATBatt International en 2022.<\/p>\n\n\n\n<p><a href=\"https:\/\/intecells.com\">https:\/\/intecells.com<\/a><\/p>\n\n\n\n<div style=\"height:50px\" aria-hidden=\"true\" class=\"wp-block-spacer\"><\/div>\n\n\n\n<p class=\"has-text-color\" style=\"color:#0046ad\"><strong><strong>\u00c0 propos de Comau<\/strong><\/strong><\/p>\n\n\n\n<p>Comau est un leader mondial dans la fourniture de solutions d&rsquo;automatisation avanc\u00e9es dans diverses industries. Avec Automha, une entreprise enti\u00e8rement d\u00e9tenue sp\u00e9cialis\u00e9e dans l&rsquo;intralogistique mondiale et l&rsquo;automatisation d&rsquo;entrep\u00f4t, Comau permet aux entreprises de toutes tailles dans presque toutes les industries de lib\u00e9rer tout le potentiel de l&rsquo;automatisation, de la robotique et des technologies num\u00e9riques \u2013 et d&rsquo;augmenter leur efficacit\u00e9, leur flexibilit\u00e9 et leur comp\u00e9titivit\u00e9 sur des march\u00e9s en croissance rapide.&nbsp;<\/p>\n\n\n\n<p>Le portefeuille de Comau comprend des produits et syst\u00e8mes pour la fabrication de v\u00e9hicules, avec une forte pr\u00e9sence dans l&rsquo;e-Mobilit\u00e9, ainsi que des solutions robotiques et num\u00e9riques de pointe pour une vari\u00e9t\u00e9 de secteurs industriels, tels que les chantiers navals, l&rsquo;agroalimentaire, la logistique, la pharmacie et les \u00e9nergies renouvelables. Comau propose \u00e9galement des services de gestion de projet et de conseil et dispose d&rsquo;une acad\u00e9mie de formation reconnue internationalement. Automha d\u00e9veloppe des syst\u00e8mes de manutention de stockage et de r\u00e9cup\u00e9ration automatis\u00e9s intelligents et performants qui optimisent l&rsquo;efficacit\u00e9 et la fiabilit\u00e9 dans diverses industries. Bas\u00e9e \u00e0 Turin, en Italie, Comau dispose d&rsquo;un r\u00e9seau international de 7 centres d&rsquo;innovation et de 11 usines de fabrication r\u00e9parties dans 11 pays et emploie 3 800 personnes. Automha, dont le si\u00e8ge social est \u00e0 Bergame, en Italie, poss\u00e8de 4 filiales et des installations de fabrication en Italie et en Chine, qui emploient un total de 280 personnes.<\/p>\n\n\n\n<p><a href=\"http:\/\/www.comau.com\" target=\"_blank\" rel=\"noreferrer noopener\">www.comau.com<\/a> | <a href=\"http:\/\/www.automha.com\" target=\"_blank\" rel=\"noreferrer noopener\">www.automha.com<\/a><\/p>\n\n\n\n<div style=\"height:25px\" aria-hidden=\"true\" class=\"wp-block-spacer\"><\/div>\n\n\n\n<p><strong>Press Office &#8211; Headquarters<\/strong><\/p>\n\n\n\n<div class=\"wp-block-getwid-table\"><table><tbody><tr><td><strong>Giuseppe Costabile<\/strong><br><br><a href=\"mailto:giuseppe.costabile@comau.com\">giuseppe.costabile@comau.com<\/a><br>Mob. +39 338 7130885&nbsp;<\/td><td><strong>Monica Cavaliere<\/strong><br><br><a href=\"mailto:monica.cavaliere@comau.com\">monica.cavaliere@comau.com<\/a>&nbsp;<br>Mob. +39 3386684221&nbsp;<\/td><\/tr><\/tbody><\/table><\/div>\n\n\n\n<div style=\"height:25px\" aria-hidden=\"true\" class=\"wp-block-spacer\"><\/div>\n\n\n\n<div style=\"height:25px\" aria-hidden=\"true\" class=\"wp-block-spacer\"><\/div>\n","protected":false},"excerpt":{"rendered":"<p>\u2022 Apr\u00e8s une premi\u00e8re phase de d\u00e9veloppement, Comau a particip\u00e9 \u00e0 la lev\u00e9e de fonds d\u2019Intecells en acqu\u00e9rant une participation au capital de l\u2019entreprise. \u2022 Les deux soci\u00e9t\u00e9s poursuivront leur collaboration afin de proposer une solution innovante pour la production d\u2019\u00e9lectrodes, bas\u00e9e sur la technologie du plasma froid, visant \u00e0 optimiser le processus de fabrication. [&hellip;]<\/p>\n","protected":false},"author":19,"featured_media":77412,"comment_status":"closed","ping_status":"open","sticky":false,"template":"","format":"standard","meta":{"_acf_changed":false,"ep_exclude_from_search":false,"footnotes":""},"categories":[83,1],"tags":[],"class_list":["post-81831","post","type-post","status-publish","format-standard","has-post-thumbnail","hentry","category-press-release-fr","category-uncategorized"],"acf":[],"yoast_head":"<!-- This site is optimized with the Yoast SEO plugin v26.9 - https:\/\/yoast.com\/product\/yoast-seo-wordpress\/ -->\n<title>Comau renforce sa collaboration avec Intecells pour acc\u00e9l\u00e9rer le d\u00e9veloppement et la commercialisation de la prochaine g\u00e9n\u00e9ration de proc\u00e9d\u00e9 de fabrication d\u2019\u00e9lectrodes de batteries - Comau<\/title>\n<meta name=\"robots\" content=\"index, follow, max-snippet:-1, max-image-preview:large, max-video-preview:-1\" \/>\n<link rel=\"canonical\" href=\"https:\/\/www.comau.com\/fr\/2025\/10\/07\/comau-renforce-sa-collaboration-avec-intecells-pour-accelerer-le-developpement-et-la-commercialisation-de-la-prochaine-generation-de-procede-de-fabrication-delectrodes-de-batteries\/\" \/>\n<meta property=\"og:locale\" content=\"fr_FR\" \/>\n<meta property=\"og:type\" content=\"article\" \/>\n<meta property=\"og:title\" content=\"Comau renforce sa collaboration avec Intecells pour acc\u00e9l\u00e9rer le d\u00e9veloppement et la commercialisation de la prochaine g\u00e9n\u00e9ration de proc\u00e9d\u00e9 de fabrication d\u2019\u00e9lectrodes de batteries - Comau\" \/>\n<meta property=\"og:description\" content=\"\u2022 Apr\u00e8s une premi\u00e8re phase de d\u00e9veloppement, Comau a particip\u00e9 \u00e0 la lev\u00e9e de fonds d\u2019Intecells en acqu\u00e9rant une participation au capital de l\u2019entreprise. \u2022 Les deux soci\u00e9t\u00e9s poursuivront leur collaboration afin de proposer une solution innovante pour la production d\u2019\u00e9lectrodes, bas\u00e9e sur la technologie du plasma froid, visant \u00e0 optimiser le processus de fabrication. [&hellip;]\" \/>\n<meta property=\"og:url\" content=\"https:\/\/www.comau.com\/fr\/2025\/10\/07\/comau-renforce-sa-collaboration-avec-intecells-pour-accelerer-le-developpement-et-la-commercialisation-de-la-prochaine-generation-de-procede-de-fabrication-delectrodes-de-batteries\/\" \/>\n<meta property=\"og:site_name\" content=\"Comau\" \/>\n<meta property=\"article:publisher\" content=\"https:\/\/www.facebook.com\/COMAU\/\" \/>\n<meta property=\"article:published_time\" content=\"2025-10-07T10:08:10+00:00\" \/>\n<meta property=\"article:modified_time\" content=\"2025-10-07T10:13:26+00:00\" \/>\n<meta property=\"og:image\" content=\"https:\/\/www.comau.com\/wp-content\/uploads\/2025\/06\/Comau_Intecells_HEADER.jpg\" \/>\n\t<meta property=\"og:image:width\" content=\"1450\" \/>\n\t<meta property=\"og:image:height\" content=\"450\" \/>\n\t<meta property=\"og:image:type\" content=\"image\/jpeg\" \/>\n<meta name=\"author\" content=\"Stefania Bernabeo\" \/>\n<meta name=\"twitter:card\" content=\"summary_large_image\" \/>\n<meta name=\"twitter:creator\" content=\"@comaugroup\" \/>\n<meta name=\"twitter:site\" content=\"@comaugroup\" \/>\n<meta name=\"twitter:label1\" content=\"\u00c9crit par\" \/>\n\t<meta name=\"twitter:data1\" content=\"Stefania Bernabeo\" \/>\n\t<meta name=\"twitter:label2\" content=\"Dur\u00e9e de lecture estim\u00e9e\" \/>\n\t<meta name=\"twitter:data2\" content=\"6 minutes\" \/>\n<script type=\"application\/ld+json\" class=\"yoast-schema-graph\">{\"@context\":\"https:\/\/schema.org\",\"@graph\":[{\"@type\":\"Article\",\"@id\":\"https:\/\/www.comau.com\/fr\/2025\/10\/07\/comau-renforce-sa-collaboration-avec-intecells-pour-accelerer-le-developpement-et-la-commercialisation-de-la-prochaine-generation-de-procede-de-fabrication-delectrodes-de-batteries\/#article\",\"isPartOf\":{\"@id\":\"https:\/\/www.comau.com\/fr\/2025\/10\/07\/comau-renforce-sa-collaboration-avec-intecells-pour-accelerer-le-developpement-et-la-commercialisation-de-la-prochaine-generation-de-procede-de-fabrication-delectrodes-de-batteries\/\"},\"author\":{\"name\":\"Stefania Bernabeo\",\"@id\":\"https:\/\/www.comau.com\/fr\/#\/schema\/person\/39c33ef3d11161573e6b66bc5abd090d\"},\"headline\":\"Comau renforce sa collaboration avec Intecells pour acc\u00e9l\u00e9rer le d\u00e9veloppement et la commercialisation de la prochaine g\u00e9n\u00e9ration de proc\u00e9d\u00e9 de fabrication d\u2019\u00e9lectrodes de batteries\",\"datePublished\":\"2025-10-07T10:08:10+00:00\",\"dateModified\":\"2025-10-07T10:13:26+00:00\",\"mainEntityOfPage\":{\"@id\":\"https:\/\/www.comau.com\/fr\/2025\/10\/07\/comau-renforce-sa-collaboration-avec-intecells-pour-accelerer-le-developpement-et-la-commercialisation-de-la-prochaine-generation-de-procede-de-fabrication-delectrodes-de-batteries\/\"},\"wordCount\":1112,\"publisher\":{\"@id\":\"https:\/\/www.comau.com\/fr\/#organization\"},\"image\":{\"@id\":\"https:\/\/www.comau.com\/fr\/2025\/10\/07\/comau-renforce-sa-collaboration-avec-intecells-pour-accelerer-le-developpement-et-la-commercialisation-de-la-prochaine-generation-de-procede-de-fabrication-delectrodes-de-batteries\/#primaryimage\"},\"thumbnailUrl\":\"https:\/\/www.comau.com\/wp-content\/uploads\/2025\/06\/Header-Intecells.png\",\"articleSection\":[\"Press Release\",\"Uncategorized\"],\"inLanguage\":\"fr-FR\"},{\"@type\":\"WebPage\",\"@id\":\"https:\/\/www.comau.com\/fr\/2025\/10\/07\/comau-renforce-sa-collaboration-avec-intecells-pour-accelerer-le-developpement-et-la-commercialisation-de-la-prochaine-generation-de-procede-de-fabrication-delectrodes-de-batteries\/\",\"url\":\"https:\/\/www.comau.com\/fr\/2025\/10\/07\/comau-renforce-sa-collaboration-avec-intecells-pour-accelerer-le-developpement-et-la-commercialisation-de-la-prochaine-generation-de-procede-de-fabrication-delectrodes-de-batteries\/\",\"name\":\"Comau renforce sa collaboration avec Intecells pour acc\u00e9l\u00e9rer le d\u00e9veloppement et la commercialisation de la prochaine g\u00e9n\u00e9ration de proc\u00e9d\u00e9 de fabrication d\u2019\u00e9lectrodes de batteries - Comau\",\"isPartOf\":{\"@id\":\"https:\/\/www.comau.com\/fr\/#website\"},\"primaryImageOfPage\":{\"@id\":\"https:\/\/www.comau.com\/fr\/2025\/10\/07\/comau-renforce-sa-collaboration-avec-intecells-pour-accelerer-le-developpement-et-la-commercialisation-de-la-prochaine-generation-de-procede-de-fabrication-delectrodes-de-batteries\/#primaryimage\"},\"image\":{\"@id\":\"https:\/\/www.comau.com\/fr\/2025\/10\/07\/comau-renforce-sa-collaboration-avec-intecells-pour-accelerer-le-developpement-et-la-commercialisation-de-la-prochaine-generation-de-procede-de-fabrication-delectrodes-de-batteries\/#primaryimage\"},\"thumbnailUrl\":\"https:\/\/www.comau.com\/wp-content\/uploads\/2025\/06\/Header-Intecells.png\",\"datePublished\":\"2025-10-07T10:08:10+00:00\",\"dateModified\":\"2025-10-07T10:13:26+00:00\",\"breadcrumb\":{\"@id\":\"https:\/\/www.comau.com\/fr\/2025\/10\/07\/comau-renforce-sa-collaboration-avec-intecells-pour-accelerer-le-developpement-et-la-commercialisation-de-la-prochaine-generation-de-procede-de-fabrication-delectrodes-de-batteries\/#breadcrumb\"},\"inLanguage\":\"fr-FR\",\"potentialAction\":[{\"@type\":\"ReadAction\",\"target\":[\"https:\/\/www.comau.com\/fr\/2025\/10\/07\/comau-renforce-sa-collaboration-avec-intecells-pour-accelerer-le-developpement-et-la-commercialisation-de-la-prochaine-generation-de-procede-de-fabrication-delectrodes-de-batteries\/\"]}]},{\"@type\":\"ImageObject\",\"inLanguage\":\"fr-FR\",\"@id\":\"https:\/\/www.comau.com\/fr\/2025\/10\/07\/comau-renforce-sa-collaboration-avec-intecells-pour-accelerer-le-developpement-et-la-commercialisation-de-la-prochaine-generation-de-procede-de-fabrication-delectrodes-de-batteries\/#primaryimage\",\"url\":\"https:\/\/www.comau.com\/wp-content\/uploads\/2025\/06\/Header-Intecells.png\",\"contentUrl\":\"https:\/\/www.comau.com\/wp-content\/uploads\/2025\/06\/Header-Intecells.png\",\"width\":1920,\"height\":606},{\"@type\":\"BreadcrumbList\",\"@id\":\"https:\/\/www.comau.com\/fr\/2025\/10\/07\/comau-renforce-sa-collaboration-avec-intecells-pour-accelerer-le-developpement-et-la-commercialisation-de-la-prochaine-generation-de-procede-de-fabrication-delectrodes-de-batteries\/#breadcrumb\",\"itemListElement\":[{\"@type\":\"ListItem\",\"position\":1,\"name\":\"Home\",\"item\":\"https:\/\/www.comau.com\/fr\/\"},{\"@type\":\"ListItem\",\"position\":2,\"name\":\"Newsroom\",\"item\":\"https:\/\/www.comau.com\/fr\/newsroom\/\"},{\"@type\":\"ListItem\",\"position\":3,\"name\":\"Comau renforce sa collaboration avec Intecells pour acc\u00e9l\u00e9rer le d\u00e9veloppement et la commercialisation de la prochaine g\u00e9n\u00e9ration de proc\u00e9d\u00e9 de fabrication d\u2019\u00e9lectrodes de batteries\"}]},{\"@type\":\"WebSite\",\"@id\":\"https:\/\/www.comau.com\/fr\/#website\",\"url\":\"https:\/\/www.comau.com\/fr\/\",\"name\":\"Comau\",\"description\":\"Industrial automation and robotics\",\"publisher\":{\"@id\":\"https:\/\/www.comau.com\/fr\/#organization\"},\"potentialAction\":[{\"@type\":\"SearchAction\",\"target\":{\"@type\":\"EntryPoint\",\"urlTemplate\":\"https:\/\/www.comau.com\/fr\/?s={search_term_string}\"},\"query-input\":{\"@type\":\"PropertyValueSpecification\",\"valueRequired\":true,\"valueName\":\"search_term_string\"}}],\"inLanguage\":\"fr-FR\"},{\"@type\":\"Organization\",\"@id\":\"https:\/\/www.comau.com\/fr\/#organization\",\"name\":\"Comau\",\"url\":\"https:\/\/www.comau.com\/fr\/\",\"logo\":{\"@type\":\"ImageObject\",\"inLanguage\":\"fr-FR\",\"@id\":\"https:\/\/www.comau.com\/fr\/#\/schema\/logo\/image\/\",\"url\":\"https:\/\/www.comau.com\/wp-content\/uploads\/2024\/07\/cropped-Logo-COMAU.png\",\"contentUrl\":\"https:\/\/www.comau.com\/wp-content\/uploads\/2024\/07\/cropped-Logo-COMAU.png\",\"width\":434,\"height\":434,\"caption\":\"Comau\"},\"image\":{\"@id\":\"https:\/\/www.comau.com\/fr\/#\/schema\/logo\/image\/\"},\"sameAs\":[\"https:\/\/www.facebook.com\/COMAU\/\",\"https:\/\/x.com\/comaugroup\",\"https:\/\/www.instagram.com\/comaugroup\/\",\"https:\/\/www.linkedin.com\/company\/comau\",\"https:\/\/www.youtube.com\/user\/comau\"]},{\"@type\":\"Person\",\"@id\":\"https:\/\/www.comau.com\/fr\/#\/schema\/person\/39c33ef3d11161573e6b66bc5abd090d\",\"name\":\"Stefania Bernabeo\"}]}<\/script>\n<!-- \/ Yoast SEO plugin. -->","yoast_head_json":{"title":"Comau renforce sa collaboration avec Intecells pour acc\u00e9l\u00e9rer le d\u00e9veloppement et la commercialisation de la prochaine g\u00e9n\u00e9ration de proc\u00e9d\u00e9 de fabrication d\u2019\u00e9lectrodes de batteries - Comau","robots":{"index":"index","follow":"follow","max-snippet":"max-snippet:-1","max-image-preview":"max-image-preview:large","max-video-preview":"max-video-preview:-1"},"canonical":"https:\/\/www.comau.com\/fr\/2025\/10\/07\/comau-renforce-sa-collaboration-avec-intecells-pour-accelerer-le-developpement-et-la-commercialisation-de-la-prochaine-generation-de-procede-de-fabrication-delectrodes-de-batteries\/","og_locale":"fr_FR","og_type":"article","og_title":"Comau renforce sa collaboration avec Intecells pour acc\u00e9l\u00e9rer le d\u00e9veloppement et la commercialisation de la prochaine g\u00e9n\u00e9ration de proc\u00e9d\u00e9 de fabrication d\u2019\u00e9lectrodes de batteries - Comau","og_description":"\u2022 Apr\u00e8s une premi\u00e8re phase de d\u00e9veloppement, Comau a particip\u00e9 \u00e0 la lev\u00e9e de fonds d\u2019Intecells en acqu\u00e9rant une participation au capital de l\u2019entreprise. \u2022 Les deux soci\u00e9t\u00e9s poursuivront leur collaboration afin de proposer une solution innovante pour la production d\u2019\u00e9lectrodes, bas\u00e9e sur la technologie du plasma froid, visant \u00e0 optimiser le processus de fabrication. [&hellip;]","og_url":"https:\/\/www.comau.com\/fr\/2025\/10\/07\/comau-renforce-sa-collaboration-avec-intecells-pour-accelerer-le-developpement-et-la-commercialisation-de-la-prochaine-generation-de-procede-de-fabrication-delectrodes-de-batteries\/","og_site_name":"Comau","article_publisher":"https:\/\/www.facebook.com\/COMAU\/","article_published_time":"2025-10-07T10:08:10+00:00","article_modified_time":"2025-10-07T10:13:26+00:00","og_image":[{"width":1450,"height":450,"url":"https:\/\/www.comau.com\/wp-content\/uploads\/2025\/06\/Comau_Intecells_HEADER.jpg","type":"image\/jpeg"}],"author":"Stefania Bernabeo","twitter_card":"summary_large_image","twitter_creator":"@comaugroup","twitter_site":"@comaugroup","twitter_misc":{"\u00c9crit par":"Stefania Bernabeo","Dur\u00e9e de lecture estim\u00e9e":"6 minutes"},"schema":{"@context":"https:\/\/schema.org","@graph":[{"@type":"Article","@id":"https:\/\/www.comau.com\/fr\/2025\/10\/07\/comau-renforce-sa-collaboration-avec-intecells-pour-accelerer-le-developpement-et-la-commercialisation-de-la-prochaine-generation-de-procede-de-fabrication-delectrodes-de-batteries\/#article","isPartOf":{"@id":"https:\/\/www.comau.com\/fr\/2025\/10\/07\/comau-renforce-sa-collaboration-avec-intecells-pour-accelerer-le-developpement-et-la-commercialisation-de-la-prochaine-generation-de-procede-de-fabrication-delectrodes-de-batteries\/"},"author":{"name":"Stefania Bernabeo","@id":"https:\/\/www.comau.com\/fr\/#\/schema\/person\/39c33ef3d11161573e6b66bc5abd090d"},"headline":"Comau renforce sa collaboration avec Intecells pour acc\u00e9l\u00e9rer le d\u00e9veloppement et la commercialisation de la prochaine g\u00e9n\u00e9ration de proc\u00e9d\u00e9 de fabrication d\u2019\u00e9lectrodes de batteries","datePublished":"2025-10-07T10:08:10+00:00","dateModified":"2025-10-07T10:13:26+00:00","mainEntityOfPage":{"@id":"https:\/\/www.comau.com\/fr\/2025\/10\/07\/comau-renforce-sa-collaboration-avec-intecells-pour-accelerer-le-developpement-et-la-commercialisation-de-la-prochaine-generation-de-procede-de-fabrication-delectrodes-de-batteries\/"},"wordCount":1112,"publisher":{"@id":"https:\/\/www.comau.com\/fr\/#organization"},"image":{"@id":"https:\/\/www.comau.com\/fr\/2025\/10\/07\/comau-renforce-sa-collaboration-avec-intecells-pour-accelerer-le-developpement-et-la-commercialisation-de-la-prochaine-generation-de-procede-de-fabrication-delectrodes-de-batteries\/#primaryimage"},"thumbnailUrl":"https:\/\/www.comau.com\/wp-content\/uploads\/2025\/06\/Header-Intecells.png","articleSection":["Press Release","Uncategorized"],"inLanguage":"fr-FR"},{"@type":"WebPage","@id":"https:\/\/www.comau.com\/fr\/2025\/10\/07\/comau-renforce-sa-collaboration-avec-intecells-pour-accelerer-le-developpement-et-la-commercialisation-de-la-prochaine-generation-de-procede-de-fabrication-delectrodes-de-batteries\/","url":"https:\/\/www.comau.com\/fr\/2025\/10\/07\/comau-renforce-sa-collaboration-avec-intecells-pour-accelerer-le-developpement-et-la-commercialisation-de-la-prochaine-generation-de-procede-de-fabrication-delectrodes-de-batteries\/","name":"Comau renforce sa collaboration avec Intecells pour acc\u00e9l\u00e9rer le d\u00e9veloppement et la commercialisation de la prochaine g\u00e9n\u00e9ration de proc\u00e9d\u00e9 de fabrication d\u2019\u00e9lectrodes de batteries - Comau","isPartOf":{"@id":"https:\/\/www.comau.com\/fr\/#website"},"primaryImageOfPage":{"@id":"https:\/\/www.comau.com\/fr\/2025\/10\/07\/comau-renforce-sa-collaboration-avec-intecells-pour-accelerer-le-developpement-et-la-commercialisation-de-la-prochaine-generation-de-procede-de-fabrication-delectrodes-de-batteries\/#primaryimage"},"image":{"@id":"https:\/\/www.comau.com\/fr\/2025\/10\/07\/comau-renforce-sa-collaboration-avec-intecells-pour-accelerer-le-developpement-et-la-commercialisation-de-la-prochaine-generation-de-procede-de-fabrication-delectrodes-de-batteries\/#primaryimage"},"thumbnailUrl":"https:\/\/www.comau.com\/wp-content\/uploads\/2025\/06\/Header-Intecells.png","datePublished":"2025-10-07T10:08:10+00:00","dateModified":"2025-10-07T10:13:26+00:00","breadcrumb":{"@id":"https:\/\/www.comau.com\/fr\/2025\/10\/07\/comau-renforce-sa-collaboration-avec-intecells-pour-accelerer-le-developpement-et-la-commercialisation-de-la-prochaine-generation-de-procede-de-fabrication-delectrodes-de-batteries\/#breadcrumb"},"inLanguage":"fr-FR","potentialAction":[{"@type":"ReadAction","target":["https:\/\/www.comau.com\/fr\/2025\/10\/07\/comau-renforce-sa-collaboration-avec-intecells-pour-accelerer-le-developpement-et-la-commercialisation-de-la-prochaine-generation-de-procede-de-fabrication-delectrodes-de-batteries\/"]}]},{"@type":"ImageObject","inLanguage":"fr-FR","@id":"https:\/\/www.comau.com\/fr\/2025\/10\/07\/comau-renforce-sa-collaboration-avec-intecells-pour-accelerer-le-developpement-et-la-commercialisation-de-la-prochaine-generation-de-procede-de-fabrication-delectrodes-de-batteries\/#primaryimage","url":"https:\/\/www.comau.com\/wp-content\/uploads\/2025\/06\/Header-Intecells.png","contentUrl":"https:\/\/www.comau.com\/wp-content\/uploads\/2025\/06\/Header-Intecells.png","width":1920,"height":606},{"@type":"BreadcrumbList","@id":"https:\/\/www.comau.com\/fr\/2025\/10\/07\/comau-renforce-sa-collaboration-avec-intecells-pour-accelerer-le-developpement-et-la-commercialisation-de-la-prochaine-generation-de-procede-de-fabrication-delectrodes-de-batteries\/#breadcrumb","itemListElement":[{"@type":"ListItem","position":1,"name":"Home","item":"https:\/\/www.comau.com\/fr\/"},{"@type":"ListItem","position":2,"name":"Newsroom","item":"https:\/\/www.comau.com\/fr\/newsroom\/"},{"@type":"ListItem","position":3,"name":"Comau renforce sa collaboration avec Intecells pour acc\u00e9l\u00e9rer le d\u00e9veloppement et la commercialisation de la prochaine g\u00e9n\u00e9ration de proc\u00e9d\u00e9 de fabrication d\u2019\u00e9lectrodes de batteries"}]},{"@type":"WebSite","@id":"https:\/\/www.comau.com\/fr\/#website","url":"https:\/\/www.comau.com\/fr\/","name":"Comau","description":"Industrial automation and robotics","publisher":{"@id":"https:\/\/www.comau.com\/fr\/#organization"},"potentialAction":[{"@type":"SearchAction","target":{"@type":"EntryPoint","urlTemplate":"https:\/\/www.comau.com\/fr\/?s={search_term_string}"},"query-input":{"@type":"PropertyValueSpecification","valueRequired":true,"valueName":"search_term_string"}}],"inLanguage":"fr-FR"},{"@type":"Organization","@id":"https:\/\/www.comau.com\/fr\/#organization","name":"Comau","url":"https:\/\/www.comau.com\/fr\/","logo":{"@type":"ImageObject","inLanguage":"fr-FR","@id":"https:\/\/www.comau.com\/fr\/#\/schema\/logo\/image\/","url":"https:\/\/www.comau.com\/wp-content\/uploads\/2024\/07\/cropped-Logo-COMAU.png","contentUrl":"https:\/\/www.comau.com\/wp-content\/uploads\/2024\/07\/cropped-Logo-COMAU.png","width":434,"height":434,"caption":"Comau"},"image":{"@id":"https:\/\/www.comau.com\/fr\/#\/schema\/logo\/image\/"},"sameAs":["https:\/\/www.facebook.com\/COMAU\/","https:\/\/x.com\/comaugroup","https:\/\/www.instagram.com\/comaugroup\/","https:\/\/www.linkedin.com\/company\/comau","https:\/\/www.youtube.com\/user\/comau"]},{"@type":"Person","@id":"https:\/\/www.comau.com\/fr\/#\/schema\/person\/39c33ef3d11161573e6b66bc5abd090d","name":"Stefania Bernabeo"}]}},"_links":{"self":[{"href":"https:\/\/www.comau.com\/fr\/wp-json\/wp\/v2\/posts\/81831","targetHints":{"allow":["GET"]}}],"collection":[{"href":"https:\/\/www.comau.com\/fr\/wp-json\/wp\/v2\/posts"}],"about":[{"href":"https:\/\/www.comau.com\/fr\/wp-json\/wp\/v2\/types\/post"}],"author":[{"embeddable":true,"href":"https:\/\/www.comau.com\/fr\/wp-json\/wp\/v2\/users\/19"}],"replies":[{"embeddable":true,"href":"https:\/\/www.comau.com\/fr\/wp-json\/wp\/v2\/comments?post=81831"}],"version-history":[{"count":4,"href":"https:\/\/www.comau.com\/fr\/wp-json\/wp\/v2\/posts\/81831\/revisions"}],"predecessor-version":[{"id":81923,"href":"https:\/\/www.comau.com\/fr\/wp-json\/wp\/v2\/posts\/81831\/revisions\/81923"}],"wp:featuredmedia":[{"embeddable":true,"href":"https:\/\/www.comau.com\/fr\/wp-json\/wp\/v2\/media\/77412"}],"wp:attachment":[{"href":"https:\/\/www.comau.com\/fr\/wp-json\/wp\/v2\/media?parent=81831"}],"wp:term":[{"taxonomy":"category","embeddable":true,"href":"https:\/\/www.comau.com\/fr\/wp-json\/wp\/v2\/categories?post=81831"},{"taxonomy":"post_tag","embeddable":true,"href":"https:\/\/www.comau.com\/fr\/wp-json\/wp\/v2\/tags?post=81831"}],"curies":[{"name":"wp","href":"https:\/\/api.w.org\/{rel}","templated":true}]}}