{"id":69559,"date":"2024-10-16T17:52:43","date_gmt":"2024-10-16T15:52:43","guid":{"rendered":"https:\/\/www.comau.com\/?p=69559"},"modified":"2024-10-16T18:02:34","modified_gmt":"2024-10-16T16:02:34","slug":"comau-presente-son-portefeuille-delectromobilite-au-salon-batteries-event-2024-a-lyon","status":"publish","type":"post","link":"https:\/\/www.comau.com\/fr\/2024\/10\/16\/comau-presente-son-portefeuille-delectromobilite-au-salon-batteries-event-2024-a-lyon\/","title":{"rendered":"Comau pr\u00e9sente son portefeuille d\u2019\u00e9lectromobilit\u00e9 au salon \u00ab\u00a0Batteries Event 2024\u00a0\u00bb \u00e0 Lyon"},"content":{"rendered":"\n<p class=\"has-small-font-size\"><strong>Lyon (France) 16 octobre<\/strong><\/p>\n\n\n\n<p><\/p>\n\n\n\n<p>Comau participe au salon <a href=\"https:\/\/batteriesevent.com\/\" target=\"_blank\" rel=\"noreferrer noopener\">Batteries Event 2024<\/a> <strong>(stand C45<\/strong>\u00a0<strong>\u2013 UPCELL Alliance Village)<\/strong>, qui se tiendra du 16 au 18 octobre au Palais des Congr\u00e8s de Lyon pour <strong>pr\u00e9senter son portefeuille de technologies d\u2019\u00e9lectromobilit\u00e9 de bout en bout<\/strong>.\u00a0<\/p>\n\n\n<div class=\"wp-block-image\">\n<figure class=\"alignright size-full is-resized\"><img decoding=\"async\" width=\"1024\" height=\"576\" src=\"https:\/\/www.comau.com\/wp-content\/uploads\/2024\/10\/image-2.png\" alt=\"\" class=\"wp-image-69561\" style=\"width:420px\" srcset=\"https:\/\/www.comau.com\/wp-content\/uploads\/2024\/10\/image-2.png 1024w, https:\/\/www.comau.com\/wp-content\/uploads\/2024\/10\/image-2-300x169.png 300w, https:\/\/www.comau.com\/wp-content\/uploads\/2024\/10\/image-2-768x432.png 768w\" sizes=\"(max-width: 1024px) 100vw, 1024px\" \/><\/figure>\n<\/div>\n\n\n<p><strong>En tant que fournisseur de services complets pour l\u2019ensemble du syst\u00e8me de production de batteries, l\u2019offre de Comau comprend des solutions d\u00e9di\u00e9es aux cellules, modules, packs et plateaux de batteries, y compris aux processus de recyclage<\/strong>. Comau aide les entreprises du secteur \u00e0 g\u00e9rer toutes les op\u00e9rations d\u2019assemblage de batteries, avec des r\u00e9sultats probants tels qu\u2019un d\u00e9lai de mise sur le march\u00e9 r\u00e9duit, un soutien au d\u00e9veloppement de processus pour des produits en constante \u00e9volution, ainsi qu\u2019une modularit\u00e9 et une reconfigurabilit\u00e9 de la ligne d\u2019assemblage facilit\u00e9e.<\/p>\n\n\n\n<p><strong>Comau joue un r\u00f4le de plus en plus d\u00e9cisif dans ce secteur<\/strong>, c&rsquo;est pourquoi il est \u00e9galement au salon sur le stand d\u2019Upcell <a href=\"https:\/\/upcell.org\/\">&#8211; European Battery Manufacturing Alliance<\/a>. Comau avait en effet rejoint cette alliance en 2023 pour contribuer \u00e0 la cr\u00e9ation d\u2019une cha\u00eene de production de batteries en Europe.<\/p>\n\n\n\n<p>Au salon, Comau pr\u00e9sente \u00e9galement son offre en tant que partenaire d\u2019Ensemble\u00a0 sur un stand partag\u00e9. Ensemble est un partenariat d&rsquo;entreprises europ\u00e9ennes de fabrication de batteries ayant pour objectif commun de travailler main dans la main pour acc\u00e9l\u00e9rer le march\u00e9 europ\u00e9en des batteries. Chaque membre d\u2019Ensemble fournit un \u00e9l\u00e9ment crucial de la cha\u00eene de valeur des batteries\u00a0: Comau repr\u00e9sente le fournisseur du processus de formation des cellules, qui est la derni\u00e8re et la plus importante des \u00e9tapes de fabrication des cellules.<\/p>\n\n\n\n<hr class=\"wp-block-separator has-alpha-channel-opacity\" \/>\n\n\n\n<p><em>Pour que l\u2019industrie europ\u00e9enne des batteries r\u00e9ussisse \u00e0 l\u2019\u00e9chelle mondiale, il est n\u00e9cessaire d\u2019investir dans le progr\u00e8s technologique continu du secteur. Partageant la mission d\u2019Ensemble et d\u2019Upcell<\/em>\u00a0<em>\u2013 European Battery Manufacturing Alliance -, Comau se r\u00e9jouit d\u2019apporter sa contribution \u00e0 un r\u00e9seau strat\u00e9gique avec des solutions technologiques innovantes con\u00e7ues pour accompagner les entreprises europ\u00e9ennes dans le processus d\u2019\u00e9lectromobilit\u00e9.<\/em><\/p>\n\n\n\n<p>Gian Carlo Tronzano, responsable du Centre de comp\u00e9tence mondial de l\u2019\u00e9lectromobilit\u00e9<\/p>\n\n\n\n<hr class=\"wp-block-separator has-alpha-channel-opacity\" \/>\n\n\n\n<p>La participation de Comau \u00e0 Ensemble et Upcell s&rsquo;ajoute \u00e0 d\u2019autres partenariats nou\u00e9s l\u2019an dernier pour le d\u00e9veloppement et l\u2019expansion de l\u2019industrie europ\u00e9enne des batteries: <a href=\"https:\/\/www.eba250.com\/\" target=\"_blank\" rel=\"noreferrer noopener\">l\u2019Alliance europ\u00e9enne des batteries (EBA<\/a>),l\u2019<a href=\"https:\/\/bepassociation.eu\/about\/bepa\/\" target=\"_blank\" rel=\"noreferrer noopener\">Association europ\u00e9enne de partenariat des batteries (BEPA) ,<\/a> dont Gian Carlo Tronzano est membre du conseil d\u2019administration et qui participe \u00e9galement \u00e0 <a href=\"https:\/\/wayback.archive-it.org\/12090\/20220912123435\/https:\/energy.ec.europa.eu\/topics\/research-and-technology\/batteries-europe_en\" target=\"_blank\" rel=\"noreferrer noopener\">la Plateforme europ\u00e9enne de technologie et d&rsquo;innovation (ETIP) pour les batteries <\/a>.<\/p>\n","protected":false},"excerpt":{"rendered":"<p>Lyon (France) 16 octobre Comau participe au salon Batteries Event 2024 (stand C45\u00a0\u2013 UPCELL Alliance Village), qui se tiendra du 16 au 18 octobre au Palais des Congr\u00e8s de Lyon pour pr\u00e9senter son portefeuille de technologies d\u2019\u00e9lectromobilit\u00e9 de bout en bout.\u00a0 En tant que fournisseur de services complets pour l\u2019ensemble du syst\u00e8me de production de [&hellip;]<\/p>\n","protected":false},"author":19,"featured_media":69552,"comment_status":"closed","ping_status":"open","sticky":false,"template":"","format":"standard","meta":{"_acf_changed":false,"ep_exclude_from_search":false,"footnotes":""},"categories":[68],"tags":[],"class_list":["post-69559","post","type-post","status-publish","format-standard","has-post-thumbnail","hentry","category-events-fr"],"acf":[],"yoast_head":"<!-- This site is optimized with the Yoast SEO plugin v26.9 - https:\/\/yoast.com\/product\/yoast-seo-wordpress\/ -->\n<title>Comau pr\u00e9sente son portefeuille d\u2019\u00e9lectromobilit\u00e9 au salon &quot;Batteries Event 2024&quot; \u00e0 Lyon - Comau<\/title>\n<meta name=\"robots\" content=\"index, follow, max-snippet:-1, max-image-preview:large, max-video-preview:-1\" \/>\n<link rel=\"canonical\" href=\"https:\/\/www.comau.com\/fr\/2024\/10\/16\/comau-presente-son-portefeuille-delectromobilite-au-salon-batteries-event-2024-a-lyon\/\" \/>\n<meta property=\"og:locale\" content=\"fr_FR\" \/>\n<meta property=\"og:type\" content=\"article\" \/>\n<meta property=\"og:title\" content=\"Comau pr\u00e9sente son portefeuille d\u2019\u00e9lectromobilit\u00e9 au salon &quot;Batteries Event 2024&quot; \u00e0 Lyon - Comau\" \/>\n<meta property=\"og:description\" content=\"Lyon (France) 16 octobre Comau participe au salon Batteries Event 2024 (stand C45\u00a0\u2013 UPCELL Alliance Village), qui se tiendra du 16 au 18 octobre au Palais des Congr\u00e8s de Lyon pour pr\u00e9senter son portefeuille de technologies d\u2019\u00e9lectromobilit\u00e9 de bout en bout.\u00a0 En tant que fournisseur de services complets pour l\u2019ensemble du syst\u00e8me de production de [&hellip;]\" \/>\n<meta property=\"og:url\" content=\"https:\/\/www.comau.com\/fr\/2024\/10\/16\/comau-presente-son-portefeuille-delectromobilite-au-salon-batteries-event-2024-a-lyon\/\" \/>\n<meta property=\"og:site_name\" content=\"Comau\" \/>\n<meta property=\"article:publisher\" content=\"https:\/\/www.facebook.com\/COMAU\/\" \/>\n<meta property=\"article:published_time\" content=\"2024-10-16T15:52:43+00:00\" \/>\n<meta property=\"article:modified_time\" content=\"2024-10-16T16:02:34+00:00\" \/>\n<meta property=\"og:image\" content=\"https:\/\/www.comau.com\/wp-content\/uploads\/2024\/10\/Battery-Show-Lyon-TEAM-header-2.png\" \/>\n\t<meta property=\"og:image:width\" content=\"1450\" \/>\n\t<meta property=\"og:image:height\" content=\"450\" \/>\n\t<meta property=\"og:image:type\" content=\"image\/png\" \/>\n<meta name=\"author\" content=\"Stefania Bernabeo\" \/>\n<meta name=\"twitter:card\" content=\"summary_large_image\" \/>\n<meta name=\"twitter:creator\" content=\"@comaugroup\" \/>\n<meta name=\"twitter:site\" content=\"@comaugroup\" \/>\n<meta name=\"twitter:label1\" content=\"\u00c9crit par\" \/>\n\t<meta name=\"twitter:data1\" content=\"Stefania Bernabeo\" \/>\n\t<meta name=\"twitter:label2\" content=\"Dur\u00e9e de lecture estim\u00e9e\" \/>\n\t<meta name=\"twitter:data2\" content=\"3 minutes\" \/>\n<script type=\"application\/ld+json\" class=\"yoast-schema-graph\">{\"@context\":\"https:\/\/schema.org\",\"@graph\":[{\"@type\":\"Article\",\"@id\":\"https:\/\/www.comau.com\/fr\/2024\/10\/16\/comau-presente-son-portefeuille-delectromobilite-au-salon-batteries-event-2024-a-lyon\/#article\",\"isPartOf\":{\"@id\":\"https:\/\/www.comau.com\/fr\/2024\/10\/16\/comau-presente-son-portefeuille-delectromobilite-au-salon-batteries-event-2024-a-lyon\/\"},\"author\":{\"name\":\"Stefania Bernabeo\",\"@id\":\"https:\/\/www.comau.com\/fr\/#\/schema\/person\/39c33ef3d11161573e6b66bc5abd090d\"},\"headline\":\"Comau pr\u00e9sente son portefeuille d\u2019\u00e9lectromobilit\u00e9 au salon \u00ab\u00a0Batteries Event 2024\u00a0\u00bb \u00e0 Lyon\",\"datePublished\":\"2024-10-16T15:52:43+00:00\",\"dateModified\":\"2024-10-16T16:02:34+00:00\",\"mainEntityOfPage\":{\"@id\":\"https:\/\/www.comau.com\/fr\/2024\/10\/16\/comau-presente-son-portefeuille-delectromobilite-au-salon-batteries-event-2024-a-lyon\/\"},\"wordCount\":459,\"publisher\":{\"@id\":\"https:\/\/www.comau.com\/fr\/#organization\"},\"image\":{\"@id\":\"https:\/\/www.comau.com\/fr\/2024\/10\/16\/comau-presente-son-portefeuille-delectromobilite-au-salon-batteries-event-2024-a-lyon\/#primaryimage\"},\"thumbnailUrl\":\"https:\/\/www.comau.com\/wp-content\/uploads\/2024\/10\/Battery-Show-Lyon-TEAM-header-2.png\",\"articleSection\":[\"Events\"],\"inLanguage\":\"fr-FR\"},{\"@type\":\"WebPage\",\"@id\":\"https:\/\/www.comau.com\/fr\/2024\/10\/16\/comau-presente-son-portefeuille-delectromobilite-au-salon-batteries-event-2024-a-lyon\/\",\"url\":\"https:\/\/www.comau.com\/fr\/2024\/10\/16\/comau-presente-son-portefeuille-delectromobilite-au-salon-batteries-event-2024-a-lyon\/\",\"name\":\"Comau pr\u00e9sente son portefeuille d\u2019\u00e9lectromobilit\u00e9 au salon \\\"Batteries Event 2024\\\" \u00e0 Lyon - Comau\",\"isPartOf\":{\"@id\":\"https:\/\/www.comau.com\/fr\/#website\"},\"primaryImageOfPage\":{\"@id\":\"https:\/\/www.comau.com\/fr\/2024\/10\/16\/comau-presente-son-portefeuille-delectromobilite-au-salon-batteries-event-2024-a-lyon\/#primaryimage\"},\"image\":{\"@id\":\"https:\/\/www.comau.com\/fr\/2024\/10\/16\/comau-presente-son-portefeuille-delectromobilite-au-salon-batteries-event-2024-a-lyon\/#primaryimage\"},\"thumbnailUrl\":\"https:\/\/www.comau.com\/wp-content\/uploads\/2024\/10\/Battery-Show-Lyon-TEAM-header-2.png\",\"datePublished\":\"2024-10-16T15:52:43+00:00\",\"dateModified\":\"2024-10-16T16:02:34+00:00\",\"breadcrumb\":{\"@id\":\"https:\/\/www.comau.com\/fr\/2024\/10\/16\/comau-presente-son-portefeuille-delectromobilite-au-salon-batteries-event-2024-a-lyon\/#breadcrumb\"},\"inLanguage\":\"fr-FR\",\"potentialAction\":[{\"@type\":\"ReadAction\",\"target\":[\"https:\/\/www.comau.com\/fr\/2024\/10\/16\/comau-presente-son-portefeuille-delectromobilite-au-salon-batteries-event-2024-a-lyon\/\"]}]},{\"@type\":\"ImageObject\",\"inLanguage\":\"fr-FR\",\"@id\":\"https:\/\/www.comau.com\/fr\/2024\/10\/16\/comau-presente-son-portefeuille-delectromobilite-au-salon-batteries-event-2024-a-lyon\/#primaryimage\",\"url\":\"https:\/\/www.comau.com\/wp-content\/uploads\/2024\/10\/Battery-Show-Lyon-TEAM-header-2.png\",\"contentUrl\":\"https:\/\/www.comau.com\/wp-content\/uploads\/2024\/10\/Battery-Show-Lyon-TEAM-header-2.png\",\"width\":1450,\"height\":450},{\"@type\":\"BreadcrumbList\",\"@id\":\"https:\/\/www.comau.com\/fr\/2024\/10\/16\/comau-presente-son-portefeuille-delectromobilite-au-salon-batteries-event-2024-a-lyon\/#breadcrumb\",\"itemListElement\":[{\"@type\":\"ListItem\",\"position\":1,\"name\":\"Home\",\"item\":\"https:\/\/www.comau.com\/fr\/\"},{\"@type\":\"ListItem\",\"position\":2,\"name\":\"Newsroom\",\"item\":\"https:\/\/www.comau.com\/fr\/newsroom\/\"},{\"@type\":\"ListItem\",\"position\":3,\"name\":\"Comau pr\u00e9sente son portefeuille d\u2019\u00e9lectromobilit\u00e9 au salon &#8220;Batteries Event 2024&#8221; \u00e0 Lyon\"}]},{\"@type\":\"WebSite\",\"@id\":\"https:\/\/www.comau.com\/fr\/#website\",\"url\":\"https:\/\/www.comau.com\/fr\/\",\"name\":\"Comau\",\"description\":\"Industrial automation and robotics\",\"publisher\":{\"@id\":\"https:\/\/www.comau.com\/fr\/#organization\"},\"potentialAction\":[{\"@type\":\"SearchAction\",\"target\":{\"@type\":\"EntryPoint\",\"urlTemplate\":\"https:\/\/www.comau.com\/fr\/?s={search_term_string}\"},\"query-input\":{\"@type\":\"PropertyValueSpecification\",\"valueRequired\":true,\"valueName\":\"search_term_string\"}}],\"inLanguage\":\"fr-FR\"},{\"@type\":\"Organization\",\"@id\":\"https:\/\/www.comau.com\/fr\/#organization\",\"name\":\"Comau\",\"url\":\"https:\/\/www.comau.com\/fr\/\",\"logo\":{\"@type\":\"ImageObject\",\"inLanguage\":\"fr-FR\",\"@id\":\"https:\/\/www.comau.com\/fr\/#\/schema\/logo\/image\/\",\"url\":\"https:\/\/www.comau.com\/wp-content\/uploads\/2024\/07\/cropped-Logo-COMAU.png\",\"contentUrl\":\"https:\/\/www.comau.com\/wp-content\/uploads\/2024\/07\/cropped-Logo-COMAU.png\",\"width\":434,\"height\":434,\"caption\":\"Comau\"},\"image\":{\"@id\":\"https:\/\/www.comau.com\/fr\/#\/schema\/logo\/image\/\"},\"sameAs\":[\"https:\/\/www.facebook.com\/COMAU\/\",\"https:\/\/x.com\/comaugroup\",\"https:\/\/www.instagram.com\/comaugroup\/\",\"https:\/\/www.linkedin.com\/company\/comau\",\"https:\/\/www.youtube.com\/user\/comau\"]},{\"@type\":\"Person\",\"@id\":\"https:\/\/www.comau.com\/fr\/#\/schema\/person\/39c33ef3d11161573e6b66bc5abd090d\",\"name\":\"Stefania Bernabeo\"}]}<\/script>\n<!-- \/ Yoast SEO plugin. -->","yoast_head_json":{"title":"Comau pr\u00e9sente son portefeuille d\u2019\u00e9lectromobilit\u00e9 au salon \"Batteries Event 2024\" \u00e0 Lyon - Comau","robots":{"index":"index","follow":"follow","max-snippet":"max-snippet:-1","max-image-preview":"max-image-preview:large","max-video-preview":"max-video-preview:-1"},"canonical":"https:\/\/www.comau.com\/fr\/2024\/10\/16\/comau-presente-son-portefeuille-delectromobilite-au-salon-batteries-event-2024-a-lyon\/","og_locale":"fr_FR","og_type":"article","og_title":"Comau pr\u00e9sente son portefeuille d\u2019\u00e9lectromobilit\u00e9 au salon \"Batteries Event 2024\" \u00e0 Lyon - Comau","og_description":"Lyon (France) 16 octobre Comau participe au salon Batteries Event 2024 (stand C45\u00a0\u2013 UPCELL Alliance Village), qui se tiendra du 16 au 18 octobre au Palais des Congr\u00e8s de Lyon pour pr\u00e9senter son portefeuille de technologies d\u2019\u00e9lectromobilit\u00e9 de bout en bout.\u00a0 En tant que fournisseur de services complets pour l\u2019ensemble du syst\u00e8me de production de [&hellip;]","og_url":"https:\/\/www.comau.com\/fr\/2024\/10\/16\/comau-presente-son-portefeuille-delectromobilite-au-salon-batteries-event-2024-a-lyon\/","og_site_name":"Comau","article_publisher":"https:\/\/www.facebook.com\/COMAU\/","article_published_time":"2024-10-16T15:52:43+00:00","article_modified_time":"2024-10-16T16:02:34+00:00","og_image":[{"width":1450,"height":450,"url":"https:\/\/www.comau.com\/wp-content\/uploads\/2024\/10\/Battery-Show-Lyon-TEAM-header-2.png","type":"image\/png"}],"author":"Stefania Bernabeo","twitter_card":"summary_large_image","twitter_creator":"@comaugroup","twitter_site":"@comaugroup","twitter_misc":{"\u00c9crit par":"Stefania Bernabeo","Dur\u00e9e de lecture estim\u00e9e":"3 minutes"},"schema":{"@context":"https:\/\/schema.org","@graph":[{"@type":"Article","@id":"https:\/\/www.comau.com\/fr\/2024\/10\/16\/comau-presente-son-portefeuille-delectromobilite-au-salon-batteries-event-2024-a-lyon\/#article","isPartOf":{"@id":"https:\/\/www.comau.com\/fr\/2024\/10\/16\/comau-presente-son-portefeuille-delectromobilite-au-salon-batteries-event-2024-a-lyon\/"},"author":{"name":"Stefania Bernabeo","@id":"https:\/\/www.comau.com\/fr\/#\/schema\/person\/39c33ef3d11161573e6b66bc5abd090d"},"headline":"Comau pr\u00e9sente son portefeuille d\u2019\u00e9lectromobilit\u00e9 au salon \u00ab\u00a0Batteries Event 2024\u00a0\u00bb \u00e0 Lyon","datePublished":"2024-10-16T15:52:43+00:00","dateModified":"2024-10-16T16:02:34+00:00","mainEntityOfPage":{"@id":"https:\/\/www.comau.com\/fr\/2024\/10\/16\/comau-presente-son-portefeuille-delectromobilite-au-salon-batteries-event-2024-a-lyon\/"},"wordCount":459,"publisher":{"@id":"https:\/\/www.comau.com\/fr\/#organization"},"image":{"@id":"https:\/\/www.comau.com\/fr\/2024\/10\/16\/comau-presente-son-portefeuille-delectromobilite-au-salon-batteries-event-2024-a-lyon\/#primaryimage"},"thumbnailUrl":"https:\/\/www.comau.com\/wp-content\/uploads\/2024\/10\/Battery-Show-Lyon-TEAM-header-2.png","articleSection":["Events"],"inLanguage":"fr-FR"},{"@type":"WebPage","@id":"https:\/\/www.comau.com\/fr\/2024\/10\/16\/comau-presente-son-portefeuille-delectromobilite-au-salon-batteries-event-2024-a-lyon\/","url":"https:\/\/www.comau.com\/fr\/2024\/10\/16\/comau-presente-son-portefeuille-delectromobilite-au-salon-batteries-event-2024-a-lyon\/","name":"Comau pr\u00e9sente son portefeuille d\u2019\u00e9lectromobilit\u00e9 au salon \"Batteries Event 2024\" \u00e0 Lyon - Comau","isPartOf":{"@id":"https:\/\/www.comau.com\/fr\/#website"},"primaryImageOfPage":{"@id":"https:\/\/www.comau.com\/fr\/2024\/10\/16\/comau-presente-son-portefeuille-delectromobilite-au-salon-batteries-event-2024-a-lyon\/#primaryimage"},"image":{"@id":"https:\/\/www.comau.com\/fr\/2024\/10\/16\/comau-presente-son-portefeuille-delectromobilite-au-salon-batteries-event-2024-a-lyon\/#primaryimage"},"thumbnailUrl":"https:\/\/www.comau.com\/wp-content\/uploads\/2024\/10\/Battery-Show-Lyon-TEAM-header-2.png","datePublished":"2024-10-16T15:52:43+00:00","dateModified":"2024-10-16T16:02:34+00:00","breadcrumb":{"@id":"https:\/\/www.comau.com\/fr\/2024\/10\/16\/comau-presente-son-portefeuille-delectromobilite-au-salon-batteries-event-2024-a-lyon\/#breadcrumb"},"inLanguage":"fr-FR","potentialAction":[{"@type":"ReadAction","target":["https:\/\/www.comau.com\/fr\/2024\/10\/16\/comau-presente-son-portefeuille-delectromobilite-au-salon-batteries-event-2024-a-lyon\/"]}]},{"@type":"ImageObject","inLanguage":"fr-FR","@id":"https:\/\/www.comau.com\/fr\/2024\/10\/16\/comau-presente-son-portefeuille-delectromobilite-au-salon-batteries-event-2024-a-lyon\/#primaryimage","url":"https:\/\/www.comau.com\/wp-content\/uploads\/2024\/10\/Battery-Show-Lyon-TEAM-header-2.png","contentUrl":"https:\/\/www.comau.com\/wp-content\/uploads\/2024\/10\/Battery-Show-Lyon-TEAM-header-2.png","width":1450,"height":450},{"@type":"BreadcrumbList","@id":"https:\/\/www.comau.com\/fr\/2024\/10\/16\/comau-presente-son-portefeuille-delectromobilite-au-salon-batteries-event-2024-a-lyon\/#breadcrumb","itemListElement":[{"@type":"ListItem","position":1,"name":"Home","item":"https:\/\/www.comau.com\/fr\/"},{"@type":"ListItem","position":2,"name":"Newsroom","item":"https:\/\/www.comau.com\/fr\/newsroom\/"},{"@type":"ListItem","position":3,"name":"Comau pr\u00e9sente son portefeuille d\u2019\u00e9lectromobilit\u00e9 au salon &#8220;Batteries Event 2024&#8221; \u00e0 Lyon"}]},{"@type":"WebSite","@id":"https:\/\/www.comau.com\/fr\/#website","url":"https:\/\/www.comau.com\/fr\/","name":"Comau","description":"Industrial automation and robotics","publisher":{"@id":"https:\/\/www.comau.com\/fr\/#organization"},"potentialAction":[{"@type":"SearchAction","target":{"@type":"EntryPoint","urlTemplate":"https:\/\/www.comau.com\/fr\/?s={search_term_string}"},"query-input":{"@type":"PropertyValueSpecification","valueRequired":true,"valueName":"search_term_string"}}],"inLanguage":"fr-FR"},{"@type":"Organization","@id":"https:\/\/www.comau.com\/fr\/#organization","name":"Comau","url":"https:\/\/www.comau.com\/fr\/","logo":{"@type":"ImageObject","inLanguage":"fr-FR","@id":"https:\/\/www.comau.com\/fr\/#\/schema\/logo\/image\/","url":"https:\/\/www.comau.com\/wp-content\/uploads\/2024\/07\/cropped-Logo-COMAU.png","contentUrl":"https:\/\/www.comau.com\/wp-content\/uploads\/2024\/07\/cropped-Logo-COMAU.png","width":434,"height":434,"caption":"Comau"},"image":{"@id":"https:\/\/www.comau.com\/fr\/#\/schema\/logo\/image\/"},"sameAs":["https:\/\/www.facebook.com\/COMAU\/","https:\/\/x.com\/comaugroup","https:\/\/www.instagram.com\/comaugroup\/","https:\/\/www.linkedin.com\/company\/comau","https:\/\/www.youtube.com\/user\/comau"]},{"@type":"Person","@id":"https:\/\/www.comau.com\/fr\/#\/schema\/person\/39c33ef3d11161573e6b66bc5abd090d","name":"Stefania Bernabeo"}]}},"_links":{"self":[{"href":"https:\/\/www.comau.com\/fr\/wp-json\/wp\/v2\/posts\/69559","targetHints":{"allow":["GET"]}}],"collection":[{"href":"https:\/\/www.comau.com\/fr\/wp-json\/wp\/v2\/posts"}],"about":[{"href":"https:\/\/www.comau.com\/fr\/wp-json\/wp\/v2\/types\/post"}],"author":[{"embeddable":true,"href":"https:\/\/www.comau.com\/fr\/wp-json\/wp\/v2\/users\/19"}],"replies":[{"embeddable":true,"href":"https:\/\/www.comau.com\/fr\/wp-json\/wp\/v2\/comments?post=69559"}],"version-history":[{"count":2,"href":"https:\/\/www.comau.com\/fr\/wp-json\/wp\/v2\/posts\/69559\/revisions"}],"predecessor-version":[{"id":69567,"href":"https:\/\/www.comau.com\/fr\/wp-json\/wp\/v2\/posts\/69559\/revisions\/69567"}],"wp:featuredmedia":[{"embeddable":true,"href":"https:\/\/www.comau.com\/fr\/wp-json\/wp\/v2\/media\/69552"}],"wp:attachment":[{"href":"https:\/\/www.comau.com\/fr\/wp-json\/wp\/v2\/media?parent=69559"}],"wp:term":[{"taxonomy":"category","embeddable":true,"href":"https:\/\/www.comau.com\/fr\/wp-json\/wp\/v2\/categories?post=69559"},{"taxonomy":"post_tag","embeddable":true,"href":"https:\/\/www.comau.com\/fr\/wp-json\/wp\/v2\/tags?post=69559"}],"curies":[{"name":"wp","href":"https:\/\/api.w.org\/{rel}","templated":true}]}}