{"id":58095,"date":"2023-11-15T11:37:14","date_gmt":"2023-11-15T10:37:14","guid":{"rendered":"https:\/\/www.comau.com\/?p=58095"},"modified":"2023-11-15T11:50:32","modified_gmt":"2023-11-15T10:50:32","slug":"comau-presente-ses-competences-dans-le-domaine-de-lelectromobilite-aux-battery-innovation-days-en-france","status":"publish","type":"post","link":"https:\/\/www.comau.com\/fr\/2023\/11\/15\/comau-presente-ses-competences-dans-le-domaine-de-lelectromobilite-aux-battery-innovation-days-en-france\/","title":{"rendered":"Comau pr\u00e9sente ses comp\u00e9tences dans le domaine de l\u2019\u00e9lectromobilit\u00e9 aux Battery Innovation Days en France"},"content":{"rendered":"\n<p><strong>Bordeaux (France) &#8211; 14 novembre 2023 &#8211; <\/strong>R\u00e9affirmant une fois de plus <strong>son engagement \u00e0 r\u00e9pondre aux besoins des clients, et \u00e0 promouvoir l\u2019objectif de l\u2019UE de produire des facilitateurs d\u2019e-mobilit\u00e9 avec une efficacit\u00e9 croissante gr\u00e2ce \u00e0 des solutions<\/strong> d\u2019automatisation avanc\u00e9es, Comau participe aux Journ\u00e9es de l\u2019innovation en mati\u00e8re de batteries, un \u00e9v\u00e9nement industriel important qui se tiendra les 14 et 15 novembre 2023 \u00e0 Bordeaux (France). Durant ces deux jours, les entreprises, les institutions et les agences gouvernementales se r\u00e9uniront pour discuter de leurs connaissances et r\u00e9alisations technologiques respectives afin de cr\u00e9er une cha\u00eene de valeur industrielle europ\u00e9enne comp\u00e9titive et durable pour l\u2019\u00e9lectromobilit\u00e9 et les applications stationnaires.\u00a0<\/p>\n\n\n<div class=\"wp-block-image\">\n<figure class=\"alignright size-large is-resized\"><img decoding=\"async\" width=\"1024\" height=\"768\" src=\"https:\/\/www.comau.com\/wp-content\/uploads\/2023\/11\/Image_20231114_182255_607-1024x768.jpeg\" alt=\"\" class=\"wp-image-58077\" style=\"aspect-ratio:1.3333333333333333;width:447px;height:auto\" srcset=\"https:\/\/www.comau.com\/wp-content\/uploads\/2023\/11\/Image_20231114_182255_607-1024x768.jpeg 1024w, https:\/\/www.comau.com\/wp-content\/uploads\/2023\/11\/Image_20231114_182255_607-300x225.jpeg 300w, https:\/\/www.comau.com\/wp-content\/uploads\/2023\/11\/Image_20231114_182255_607-768x576.jpeg 768w, https:\/\/www.comau.com\/wp-content\/uploads\/2023\/11\/Image_20231114_182255_607-1536x1152.jpeg 1536w, https:\/\/www.comau.com\/wp-content\/uploads\/2023\/11\/Image_20231114_182255_607.jpeg 2000w\" sizes=\"(max-width: 1024px) 100vw, 1024px\" \/><\/figure>\n<\/div>\n\n\n<p>En plus de rencontrer l\u2019\u00e9quipe de Comau au stand num\u00e9ro 12, les visiteurs pourront participer \u00e0 une table ronde sectorielle anim\u00e9e par Daniela Fontana, responsable de la gestion des projets financ\u00e9s par Comau, au sein du Centre de comp\u00e9tence mondial de l\u2019\u00e9lectromobilit\u00e9. La table ronde intitul\u00e9e <em>Vers une batterie plus durable<\/em>\u00a0<em>: les d\u00e9fis et l\u2019innovation<\/em> aura lieu le 15 novembre \u00e0 11\u00a0h dans le cadre du panel<em>, Les batteries durables, une \u00e9tape essentielle dans la r\u00e9duction de l\u2019empreinte carbone des produits<\/em>. Daniela parlera de la durabilit\u00e9 dans la production de batteries du point de vue de l\u2019usine. Elle \u00e9voquera notamment la r\u00e9duction de la consommation d\u2019\u00e9nergie dans les usines, le d\u00e9montage automatique des batteries, et elle exposera les r\u00e9sultats du projet <strong><a href=\"https:\/\/www.comau.com\/fr\/2023\/05\/29\/flex-bd-technologie-comau-pour-le-demantelement-flexible-des-batteries\/\" target=\"_blank\" rel=\"noreferrer noopener\">Flex-BD<\/a><\/strong> (Flexible Battery Dismantling) de Comau.<\/p>\n\n\n\n<p><strong>Comau <\/strong>pr\u00e9sentera \u00e9galement <strong>son offre dans le domaine de l\u2019\u00e9lectromobilit\u00e9, notamment les solutions d\u2019automatisation cl\u00e9 en main concernant l\u2019ensemble du processus de fabrication de la mobilit\u00e9 \u00e9lectrique\u00a0: des syst\u00e8mes de formation et d\u2019assemblage des cellules de batterie aux solutions de d\u00e9montage des batteries, en passant par les cadres, modules, packs et syst\u00e8mes d\u2019assemblage CTP (cell-to-pack), les composants de syst\u00e8mes d\u2019entra\u00eenement \u00e9lectrique et les syst\u00e8mes d\u2019assemblage final, jusqu\u2019aux assemblages de piles \u00e0 combustible \u00e0 hydrog\u00e8ne<\/strong>. Dans de nombreux cas, comme dans celui de la formation de cellules, l\u2019innovation de Comau se traduit davantage par des \u00e9conomies d\u2019\u00e9nergie et d\u2019espace, avec une r\u00e9duction allant jusqu\u2019\u00e0 20\u00a0% de la consommation d\u2019\u00e9nergie et des exigences en mati\u00e8re d\u2019encombrement.<\/p>\n\n\n\n<p>Le principal moteur de l\u2019offre de Comau est son approche consultative visant \u00e0 soutenir les entreprises de fabrication de cellules de batterie. En effet, Comau a l\u2019intention d\u2019<strong>aider ses clients \u00e0 d\u00e9velopper des technologies de fabrication de cellules de batterie<\/strong>, en exploitant le potentiel de mat\u00e9riaux radicalement nouveaux, de concepts d\u2019automatisation, de fonctionnalit\u00e9s intelligentes et de conceptions de cellules, depuis la pr\u00e9paration des \u00e9lectrodes, en passant par l\u2019assemblage des cellules et jusqu\u2019\u00e0 la formation des cellules.\u00a0<\/p>\n\n\n\n<p>Pour atteindre tous ces objectifs, Comau s\u2019appuie \u00e0 la fois sur ses 50 ans d\u2019exp\u00e9rience et sur sa collaboration avec les principaux acteurs de l\u2019innovation. Plusieurs projets importants financ\u00e9s, tels que <strong><a href=\"https:\/\/www.comau.com\/wp-content\/uploads\/2023\/03\/Spinmate-PR-final_FR-1.pdf\" target=\"_blank\" rel=\"noreferrer noopener\">SPINMATE<\/a><\/strong>, FASTEST et <strong><a href=\"https:\/\/www.comau.com\/fr\/2023\/07\/19\/formation-elements-batterie-gigabat-projet\/\" target=\"_blank\" rel=\"noreferrer noopener\">GIGABAT<\/a><\/strong>, en sont la preuve. Comau collabore \u00e9galement avec de grandes universit\u00e9s europ\u00e9ennes et des clients industriels, en soutenant le d\u00e9veloppement de leurs processus et en aidant les entreprises \u00e0 passer des essais en laboratoire aux lignes pilotes, jusqu\u2019aux Gigafactories.<\/p>\n","protected":false},"excerpt":{"rendered":"<p>Bordeaux (France) &#8211; 14 novembre 2023 &#8211; R\u00e9affirmant une fois de plus son engagement \u00e0 r\u00e9pondre aux besoins des clients, et \u00e0 promouvoir l\u2019objectif de l\u2019UE de produire des facilitateurs d\u2019e-mobilit\u00e9 avec une efficacit\u00e9 croissante gr\u00e2ce \u00e0 des solutions d\u2019automatisation avanc\u00e9es, Comau participe aux Journ\u00e9es de l\u2019innovation en mati\u00e8re de batteries, un \u00e9v\u00e9nement industriel important [&hellip;]<\/p>\n","protected":false},"author":19,"featured_media":58086,"comment_status":"closed","ping_status":"open","sticky":false,"template":"","format":"standard","meta":{"_acf_changed":false,"ep_exclude_from_search":false,"footnotes":""},"categories":[68,79],"tags":[],"class_list":["post-58095","post","type-post","status-publish","format-standard","has-post-thumbnail","hentry","category-events-fr","category-highlights-fr"],"acf":[],"yoast_head":"<!-- This site is optimized with the Yoast SEO plugin v26.9 - https:\/\/yoast.com\/product\/yoast-seo-wordpress\/ -->\n<title>Comau pr\u00e9sente ses comp\u00e9tences dans le domaine de l\u2019\u00e9lectromobilit\u00e9 aux Battery Innovation Days en France - Comau<\/title>\n<meta name=\"robots\" content=\"index, follow, max-snippet:-1, max-image-preview:large, max-video-preview:-1\" \/>\n<link rel=\"canonical\" href=\"https:\/\/www.comau.com\/fr\/2023\/11\/15\/comau-presente-ses-competences-dans-le-domaine-de-lelectromobilite-aux-battery-innovation-days-en-france\/\" \/>\n<meta property=\"og:locale\" content=\"fr_FR\" \/>\n<meta property=\"og:type\" content=\"article\" \/>\n<meta property=\"og:title\" content=\"Comau pr\u00e9sente ses comp\u00e9tences dans le domaine de l\u2019\u00e9lectromobilit\u00e9 aux Battery Innovation Days en France - Comau\" \/>\n<meta property=\"og:description\" content=\"Bordeaux (France) &#8211; 14 novembre 2023 &#8211; R\u00e9affirmant une fois de plus son engagement \u00e0 r\u00e9pondre aux besoins des clients, et \u00e0 promouvoir l\u2019objectif de l\u2019UE de produire des facilitateurs d\u2019e-mobilit\u00e9 avec une efficacit\u00e9 croissante gr\u00e2ce \u00e0 des solutions d\u2019automatisation avanc\u00e9es, Comau participe aux Journ\u00e9es de l\u2019innovation en mati\u00e8re de batteries, un \u00e9v\u00e9nement industriel important [&hellip;]\" \/>\n<meta property=\"og:url\" content=\"https:\/\/www.comau.com\/fr\/2023\/11\/15\/comau-presente-ses-competences-dans-le-domaine-de-lelectromobilite-aux-battery-innovation-days-en-france\/\" \/>\n<meta property=\"og:site_name\" content=\"Comau\" \/>\n<meta property=\"article:publisher\" content=\"https:\/\/www.facebook.com\/COMAU\/\" \/>\n<meta property=\"article:published_time\" content=\"2023-11-15T10:37:14+00:00\" \/>\n<meta property=\"article:modified_time\" content=\"2023-11-15T10:50:32+00:00\" \/>\n<meta property=\"og:image\" content=\"https:\/\/www.comau.com\/wp-content\/uploads\/2023\/11\/Image_20231114_182255_007_RITAGLIO.jpg\" \/>\n\t<meta property=\"og:image:width\" content=\"1997\" \/>\n\t<meta property=\"og:image:height\" content=\"1321\" \/>\n\t<meta property=\"og:image:type\" content=\"image\/jpeg\" \/>\n<meta name=\"author\" content=\"Stefania Bernabeo\" \/>\n<meta name=\"twitter:card\" content=\"summary_large_image\" \/>\n<meta name=\"twitter:creator\" content=\"@comaugroup\" \/>\n<meta name=\"twitter:site\" content=\"@comaugroup\" \/>\n<meta name=\"twitter:label1\" content=\"\u00c9crit par\" \/>\n\t<meta name=\"twitter:data1\" content=\"Stefania Bernabeo\" \/>\n\t<meta name=\"twitter:label2\" content=\"Dur\u00e9e de lecture estim\u00e9e\" \/>\n\t<meta name=\"twitter:data2\" content=\"3 minutes\" \/>\n<script type=\"application\/ld+json\" class=\"yoast-schema-graph\">{\"@context\":\"https:\/\/schema.org\",\"@graph\":[{\"@type\":\"Article\",\"@id\":\"https:\/\/www.comau.com\/fr\/2023\/11\/15\/comau-presente-ses-competences-dans-le-domaine-de-lelectromobilite-aux-battery-innovation-days-en-france\/#article\",\"isPartOf\":{\"@id\":\"https:\/\/www.comau.com\/fr\/2023\/11\/15\/comau-presente-ses-competences-dans-le-domaine-de-lelectromobilite-aux-battery-innovation-days-en-france\/\"},\"author\":{\"name\":\"Stefania Bernabeo\",\"@id\":\"https:\/\/www.comau.com\/fr\/#\/schema\/person\/39c33ef3d11161573e6b66bc5abd090d\"},\"headline\":\"Comau pr\u00e9sente ses comp\u00e9tences dans le domaine de l\u2019\u00e9lectromobilit\u00e9 aux Battery Innovation Days en France\",\"datePublished\":\"2023-11-15T10:37:14+00:00\",\"dateModified\":\"2023-11-15T10:50:32+00:00\",\"mainEntityOfPage\":{\"@id\":\"https:\/\/www.comau.com\/fr\/2023\/11\/15\/comau-presente-ses-competences-dans-le-domaine-de-lelectromobilite-aux-battery-innovation-days-en-france\/\"},\"wordCount\":572,\"publisher\":{\"@id\":\"https:\/\/www.comau.com\/fr\/#organization\"},\"image\":{\"@id\":\"https:\/\/www.comau.com\/fr\/2023\/11\/15\/comau-presente-ses-competences-dans-le-domaine-de-lelectromobilite-aux-battery-innovation-days-en-france\/#primaryimage\"},\"thumbnailUrl\":\"https:\/\/www.comau.com\/wp-content\/uploads\/2023\/11\/Image_20231114_182255_007_RITAGLIO.jpg\",\"articleSection\":[\"Events\",\"Highlights\"],\"inLanguage\":\"fr-FR\"},{\"@type\":\"WebPage\",\"@id\":\"https:\/\/www.comau.com\/fr\/2023\/11\/15\/comau-presente-ses-competences-dans-le-domaine-de-lelectromobilite-aux-battery-innovation-days-en-france\/\",\"url\":\"https:\/\/www.comau.com\/fr\/2023\/11\/15\/comau-presente-ses-competences-dans-le-domaine-de-lelectromobilite-aux-battery-innovation-days-en-france\/\",\"name\":\"Comau pr\u00e9sente ses comp\u00e9tences dans le domaine de l\u2019\u00e9lectromobilit\u00e9 aux Battery Innovation Days en France - Comau\",\"isPartOf\":{\"@id\":\"https:\/\/www.comau.com\/fr\/#website\"},\"primaryImageOfPage\":{\"@id\":\"https:\/\/www.comau.com\/fr\/2023\/11\/15\/comau-presente-ses-competences-dans-le-domaine-de-lelectromobilite-aux-battery-innovation-days-en-france\/#primaryimage\"},\"image\":{\"@id\":\"https:\/\/www.comau.com\/fr\/2023\/11\/15\/comau-presente-ses-competences-dans-le-domaine-de-lelectromobilite-aux-battery-innovation-days-en-france\/#primaryimage\"},\"thumbnailUrl\":\"https:\/\/www.comau.com\/wp-content\/uploads\/2023\/11\/Image_20231114_182255_007_RITAGLIO.jpg\",\"datePublished\":\"2023-11-15T10:37:14+00:00\",\"dateModified\":\"2023-11-15T10:50:32+00:00\",\"breadcrumb\":{\"@id\":\"https:\/\/www.comau.com\/fr\/2023\/11\/15\/comau-presente-ses-competences-dans-le-domaine-de-lelectromobilite-aux-battery-innovation-days-en-france\/#breadcrumb\"},\"inLanguage\":\"fr-FR\",\"potentialAction\":[{\"@type\":\"ReadAction\",\"target\":[\"https:\/\/www.comau.com\/fr\/2023\/11\/15\/comau-presente-ses-competences-dans-le-domaine-de-lelectromobilite-aux-battery-innovation-days-en-france\/\"]}]},{\"@type\":\"ImageObject\",\"inLanguage\":\"fr-FR\",\"@id\":\"https:\/\/www.comau.com\/fr\/2023\/11\/15\/comau-presente-ses-competences-dans-le-domaine-de-lelectromobilite-aux-battery-innovation-days-en-france\/#primaryimage\",\"url\":\"https:\/\/www.comau.com\/wp-content\/uploads\/2023\/11\/Image_20231114_182255_007_RITAGLIO.jpg\",\"contentUrl\":\"https:\/\/www.comau.com\/wp-content\/uploads\/2023\/11\/Image_20231114_182255_007_RITAGLIO.jpg\",\"width\":1997,\"height\":1321},{\"@type\":\"BreadcrumbList\",\"@id\":\"https:\/\/www.comau.com\/fr\/2023\/11\/15\/comau-presente-ses-competences-dans-le-domaine-de-lelectromobilite-aux-battery-innovation-days-en-france\/#breadcrumb\",\"itemListElement\":[{\"@type\":\"ListItem\",\"position\":1,\"name\":\"Home\",\"item\":\"https:\/\/www.comau.com\/fr\/\"},{\"@type\":\"ListItem\",\"position\":2,\"name\":\"Newsroom\",\"item\":\"https:\/\/www.comau.com\/fr\/newsroom\/\"},{\"@type\":\"ListItem\",\"position\":3,\"name\":\"Comau pr\u00e9sente ses comp\u00e9tences dans le domaine de l\u2019\u00e9lectromobilit\u00e9 aux Battery Innovation Days en France\"}]},{\"@type\":\"WebSite\",\"@id\":\"https:\/\/www.comau.com\/fr\/#website\",\"url\":\"https:\/\/www.comau.com\/fr\/\",\"name\":\"Comau\",\"description\":\"Industrial automation and robotics\",\"publisher\":{\"@id\":\"https:\/\/www.comau.com\/fr\/#organization\"},\"potentialAction\":[{\"@type\":\"SearchAction\",\"target\":{\"@type\":\"EntryPoint\",\"urlTemplate\":\"https:\/\/www.comau.com\/fr\/?s={search_term_string}\"},\"query-input\":{\"@type\":\"PropertyValueSpecification\",\"valueRequired\":true,\"valueName\":\"search_term_string\"}}],\"inLanguage\":\"fr-FR\"},{\"@type\":\"Organization\",\"@id\":\"https:\/\/www.comau.com\/fr\/#organization\",\"name\":\"Comau\",\"url\":\"https:\/\/www.comau.com\/fr\/\",\"logo\":{\"@type\":\"ImageObject\",\"inLanguage\":\"fr-FR\",\"@id\":\"https:\/\/www.comau.com\/fr\/#\/schema\/logo\/image\/\",\"url\":\"https:\/\/www.comau.com\/wp-content\/uploads\/2024\/07\/cropped-Logo-COMAU.png\",\"contentUrl\":\"https:\/\/www.comau.com\/wp-content\/uploads\/2024\/07\/cropped-Logo-COMAU.png\",\"width\":434,\"height\":434,\"caption\":\"Comau\"},\"image\":{\"@id\":\"https:\/\/www.comau.com\/fr\/#\/schema\/logo\/image\/\"},\"sameAs\":[\"https:\/\/www.facebook.com\/COMAU\/\",\"https:\/\/x.com\/comaugroup\",\"https:\/\/www.instagram.com\/comaugroup\/\",\"https:\/\/www.linkedin.com\/company\/comau\",\"https:\/\/www.youtube.com\/user\/comau\"]},{\"@type\":\"Person\",\"@id\":\"https:\/\/www.comau.com\/fr\/#\/schema\/person\/39c33ef3d11161573e6b66bc5abd090d\",\"name\":\"Stefania Bernabeo\"}]}<\/script>\n<!-- \/ Yoast SEO plugin. -->","yoast_head_json":{"title":"Comau pr\u00e9sente ses comp\u00e9tences dans le domaine de l\u2019\u00e9lectromobilit\u00e9 aux Battery Innovation Days en France - Comau","robots":{"index":"index","follow":"follow","max-snippet":"max-snippet:-1","max-image-preview":"max-image-preview:large","max-video-preview":"max-video-preview:-1"},"canonical":"https:\/\/www.comau.com\/fr\/2023\/11\/15\/comau-presente-ses-competences-dans-le-domaine-de-lelectromobilite-aux-battery-innovation-days-en-france\/","og_locale":"fr_FR","og_type":"article","og_title":"Comau pr\u00e9sente ses comp\u00e9tences dans le domaine de l\u2019\u00e9lectromobilit\u00e9 aux Battery Innovation Days en France - Comau","og_description":"Bordeaux (France) &#8211; 14 novembre 2023 &#8211; R\u00e9affirmant une fois de plus son engagement \u00e0 r\u00e9pondre aux besoins des clients, et \u00e0 promouvoir l\u2019objectif de l\u2019UE de produire des facilitateurs d\u2019e-mobilit\u00e9 avec une efficacit\u00e9 croissante gr\u00e2ce \u00e0 des solutions d\u2019automatisation avanc\u00e9es, Comau participe aux Journ\u00e9es de l\u2019innovation en mati\u00e8re de batteries, un \u00e9v\u00e9nement industriel important [&hellip;]","og_url":"https:\/\/www.comau.com\/fr\/2023\/11\/15\/comau-presente-ses-competences-dans-le-domaine-de-lelectromobilite-aux-battery-innovation-days-en-france\/","og_site_name":"Comau","article_publisher":"https:\/\/www.facebook.com\/COMAU\/","article_published_time":"2023-11-15T10:37:14+00:00","article_modified_time":"2023-11-15T10:50:32+00:00","og_image":[{"width":1997,"height":1321,"url":"https:\/\/www.comau.com\/wp-content\/uploads\/2023\/11\/Image_20231114_182255_007_RITAGLIO.jpg","type":"image\/jpeg"}],"author":"Stefania Bernabeo","twitter_card":"summary_large_image","twitter_creator":"@comaugroup","twitter_site":"@comaugroup","twitter_misc":{"\u00c9crit par":"Stefania Bernabeo","Dur\u00e9e de lecture estim\u00e9e":"3 minutes"},"schema":{"@context":"https:\/\/schema.org","@graph":[{"@type":"Article","@id":"https:\/\/www.comau.com\/fr\/2023\/11\/15\/comau-presente-ses-competences-dans-le-domaine-de-lelectromobilite-aux-battery-innovation-days-en-france\/#article","isPartOf":{"@id":"https:\/\/www.comau.com\/fr\/2023\/11\/15\/comau-presente-ses-competences-dans-le-domaine-de-lelectromobilite-aux-battery-innovation-days-en-france\/"},"author":{"name":"Stefania Bernabeo","@id":"https:\/\/www.comau.com\/fr\/#\/schema\/person\/39c33ef3d11161573e6b66bc5abd090d"},"headline":"Comau pr\u00e9sente ses comp\u00e9tences dans le domaine de l\u2019\u00e9lectromobilit\u00e9 aux Battery Innovation Days en France","datePublished":"2023-11-15T10:37:14+00:00","dateModified":"2023-11-15T10:50:32+00:00","mainEntityOfPage":{"@id":"https:\/\/www.comau.com\/fr\/2023\/11\/15\/comau-presente-ses-competences-dans-le-domaine-de-lelectromobilite-aux-battery-innovation-days-en-france\/"},"wordCount":572,"publisher":{"@id":"https:\/\/www.comau.com\/fr\/#organization"},"image":{"@id":"https:\/\/www.comau.com\/fr\/2023\/11\/15\/comau-presente-ses-competences-dans-le-domaine-de-lelectromobilite-aux-battery-innovation-days-en-france\/#primaryimage"},"thumbnailUrl":"https:\/\/www.comau.com\/wp-content\/uploads\/2023\/11\/Image_20231114_182255_007_RITAGLIO.jpg","articleSection":["Events","Highlights"],"inLanguage":"fr-FR"},{"@type":"WebPage","@id":"https:\/\/www.comau.com\/fr\/2023\/11\/15\/comau-presente-ses-competences-dans-le-domaine-de-lelectromobilite-aux-battery-innovation-days-en-france\/","url":"https:\/\/www.comau.com\/fr\/2023\/11\/15\/comau-presente-ses-competences-dans-le-domaine-de-lelectromobilite-aux-battery-innovation-days-en-france\/","name":"Comau pr\u00e9sente ses comp\u00e9tences dans le domaine de l\u2019\u00e9lectromobilit\u00e9 aux Battery Innovation Days en France - Comau","isPartOf":{"@id":"https:\/\/www.comau.com\/fr\/#website"},"primaryImageOfPage":{"@id":"https:\/\/www.comau.com\/fr\/2023\/11\/15\/comau-presente-ses-competences-dans-le-domaine-de-lelectromobilite-aux-battery-innovation-days-en-france\/#primaryimage"},"image":{"@id":"https:\/\/www.comau.com\/fr\/2023\/11\/15\/comau-presente-ses-competences-dans-le-domaine-de-lelectromobilite-aux-battery-innovation-days-en-france\/#primaryimage"},"thumbnailUrl":"https:\/\/www.comau.com\/wp-content\/uploads\/2023\/11\/Image_20231114_182255_007_RITAGLIO.jpg","datePublished":"2023-11-15T10:37:14+00:00","dateModified":"2023-11-15T10:50:32+00:00","breadcrumb":{"@id":"https:\/\/www.comau.com\/fr\/2023\/11\/15\/comau-presente-ses-competences-dans-le-domaine-de-lelectromobilite-aux-battery-innovation-days-en-france\/#breadcrumb"},"inLanguage":"fr-FR","potentialAction":[{"@type":"ReadAction","target":["https:\/\/www.comau.com\/fr\/2023\/11\/15\/comau-presente-ses-competences-dans-le-domaine-de-lelectromobilite-aux-battery-innovation-days-en-france\/"]}]},{"@type":"ImageObject","inLanguage":"fr-FR","@id":"https:\/\/www.comau.com\/fr\/2023\/11\/15\/comau-presente-ses-competences-dans-le-domaine-de-lelectromobilite-aux-battery-innovation-days-en-france\/#primaryimage","url":"https:\/\/www.comau.com\/wp-content\/uploads\/2023\/11\/Image_20231114_182255_007_RITAGLIO.jpg","contentUrl":"https:\/\/www.comau.com\/wp-content\/uploads\/2023\/11\/Image_20231114_182255_007_RITAGLIO.jpg","width":1997,"height":1321},{"@type":"BreadcrumbList","@id":"https:\/\/www.comau.com\/fr\/2023\/11\/15\/comau-presente-ses-competences-dans-le-domaine-de-lelectromobilite-aux-battery-innovation-days-en-france\/#breadcrumb","itemListElement":[{"@type":"ListItem","position":1,"name":"Home","item":"https:\/\/www.comau.com\/fr\/"},{"@type":"ListItem","position":2,"name":"Newsroom","item":"https:\/\/www.comau.com\/fr\/newsroom\/"},{"@type":"ListItem","position":3,"name":"Comau pr\u00e9sente ses comp\u00e9tences dans le domaine de l\u2019\u00e9lectromobilit\u00e9 aux Battery Innovation Days en France"}]},{"@type":"WebSite","@id":"https:\/\/www.comau.com\/fr\/#website","url":"https:\/\/www.comau.com\/fr\/","name":"Comau","description":"Industrial automation and robotics","publisher":{"@id":"https:\/\/www.comau.com\/fr\/#organization"},"potentialAction":[{"@type":"SearchAction","target":{"@type":"EntryPoint","urlTemplate":"https:\/\/www.comau.com\/fr\/?s={search_term_string}"},"query-input":{"@type":"PropertyValueSpecification","valueRequired":true,"valueName":"search_term_string"}}],"inLanguage":"fr-FR"},{"@type":"Organization","@id":"https:\/\/www.comau.com\/fr\/#organization","name":"Comau","url":"https:\/\/www.comau.com\/fr\/","logo":{"@type":"ImageObject","inLanguage":"fr-FR","@id":"https:\/\/www.comau.com\/fr\/#\/schema\/logo\/image\/","url":"https:\/\/www.comau.com\/wp-content\/uploads\/2024\/07\/cropped-Logo-COMAU.png","contentUrl":"https:\/\/www.comau.com\/wp-content\/uploads\/2024\/07\/cropped-Logo-COMAU.png","width":434,"height":434,"caption":"Comau"},"image":{"@id":"https:\/\/www.comau.com\/fr\/#\/schema\/logo\/image\/"},"sameAs":["https:\/\/www.facebook.com\/COMAU\/","https:\/\/x.com\/comaugroup","https:\/\/www.instagram.com\/comaugroup\/","https:\/\/www.linkedin.com\/company\/comau","https:\/\/www.youtube.com\/user\/comau"]},{"@type":"Person","@id":"https:\/\/www.comau.com\/fr\/#\/schema\/person\/39c33ef3d11161573e6b66bc5abd090d","name":"Stefania Bernabeo"}]}},"_links":{"self":[{"href":"https:\/\/www.comau.com\/fr\/wp-json\/wp\/v2\/posts\/58095","targetHints":{"allow":["GET"]}}],"collection":[{"href":"https:\/\/www.comau.com\/fr\/wp-json\/wp\/v2\/posts"}],"about":[{"href":"https:\/\/www.comau.com\/fr\/wp-json\/wp\/v2\/types\/post"}],"author":[{"embeddable":true,"href":"https:\/\/www.comau.com\/fr\/wp-json\/wp\/v2\/users\/19"}],"replies":[{"embeddable":true,"href":"https:\/\/www.comau.com\/fr\/wp-json\/wp\/v2\/comments?post=58095"}],"version-history":[{"count":4,"href":"https:\/\/www.comau.com\/fr\/wp-json\/wp\/v2\/posts\/58095\/revisions"}],"predecessor-version":[{"id":58099,"href":"https:\/\/www.comau.com\/fr\/wp-json\/wp\/v2\/posts\/58095\/revisions\/58099"}],"wp:featuredmedia":[{"embeddable":true,"href":"https:\/\/www.comau.com\/fr\/wp-json\/wp\/v2\/media\/58086"}],"wp:attachment":[{"href":"https:\/\/www.comau.com\/fr\/wp-json\/wp\/v2\/media?parent=58095"}],"wp:term":[{"taxonomy":"category","embeddable":true,"href":"https:\/\/www.comau.com\/fr\/wp-json\/wp\/v2\/categories?post=58095"},{"taxonomy":"post_tag","embeddable":true,"href":"https:\/\/www.comau.com\/fr\/wp-json\/wp\/v2\/tags?post=58095"}],"curies":[{"name":"wp","href":"https:\/\/api.w.org\/{rel}","templated":true}]}}