{"id":57816,"date":"2023-10-18T14:58:17","date_gmt":"2023-10-18T12:58:17","guid":{"rendered":"https:\/\/www.comau.com\/?p=57816"},"modified":"2023-10-18T15:07:45","modified_gmt":"2023-10-18T13:07:45","slug":"au-salon-siane-2023-comau-presente-en-avant-premiere-ses-solutions-innovantes-en-matiere-denergie-et-daerospatiale","status":"publish","type":"post","link":"https:\/\/www.comau.com\/fr\/2023\/10\/18\/au-salon-siane-2023-comau-presente-en-avant-premiere-ses-solutions-innovantes-en-matiere-denergie-et-daerospatiale\/","title":{"rendered":"Au salon SIANE 2023, Comau pr\u00e9sente en avant-premi\u00e8re ses solutions innovantes en mati\u00e8re d\u2019\u00e9nergie et d\u2019a\u00e9rospatiale"},"content":{"rendered":"\n<p><strong>Castres, le 17-19 octobre 2023<\/strong> \u2013 Comau pr\u00e9sente ses solutions d\u2019automatisation avanc\u00e9e pour l\u2019\u00e9nergie, l\u2019a\u00e9rospatiale et l\u2019\u00e9lectromobilit\u00e9 au salon SIANE 2023 (du 17 au 19 octobre \u00e0 Toulouse). Dans le Pavillon de l\u2019innovation de l\u2019industrie 4.0, aux c\u00f4t\u00e9s de l\u2019int\u00e9grateur de syst\u00e8mes AGV Mecatronique (stand C20), Comau offre en exclusivit\u00e9 aux visiteurs <strong>une pr\u00e9sentation sp\u00e9ciale de son concept d\u2019outil d\u2019usinage destin\u00e9 aux grandes structures<\/strong>, un approche innovant de fabrication automatis\u00e9e de b\u00e2tis assembl\u00e9s et de composants complexes.&nbsp;<\/p>\n\n\n\n<p><strong>Parfait pour l&rsquo;e-mobilit\u00e9, l&rsquo;a\u00e9rospatiale et d&rsquo;autres march\u00e9s qui d\u00e9pendent de mat\u00e9riaux avanc\u00e9s, le concept d&rsquo;usinage de nouvelle g\u00e9n\u00e9ration de Comau est con\u00e7u pour optimiser l&rsquo;usinage \u00e0 grande vitesse de m\u00e9taux l\u00e9gers et de composites sans sacrifier la qualit\u00e9, la vitesse ou la fiabilit\u00e9<\/strong>. Elle est par ailleurs dot\u00e9e d\u2019une structure modulaire originale, qui b\u00e9n\u00e9ficie d\u2019un taux de rendement global (TRG) \u00e9lev\u00e9.&nbsp;<\/p>\n\n\n\n<p>Les visiteurs du salon peuvent \u00e9galement se rendre au stand de Comau (B61) pour tester les exosquelettes portables <a href=\"https:\/\/mate.comau.com\/mate-xt\/\" target=\"_blank\" rel=\"noreferrer noopener\">MATE-XT<\/a> et <a href=\"https:\/\/mate.comau.com\/mate-xb\/\" target=\"_blank\" rel=\"noreferrer noopener\">MATE-XB<\/a> et d\u00e9couvrir des technologies robotiques innovantes, notamment le <a href=\"https:\/\/www.comau.com\/fr\/competencies\/products-solutions\/robot-team\/nj-60-2-2\/\" target=\"_blank\" rel=\"noreferrer noopener\">Robot NJ60<\/a>.<\/p>\n\n\n\n<p><strong>Compatible avec l\u2019industrie 4.0, l\u2019exosquelette des membres sup\u00e9rieurs MATE-XT de Comau associe un soutien musculaire l\u00e9ger \u00e0 des capacit\u00e9s pouss\u00e9es de d\u00e9tection et d\u2019IoT. Il fournit, presque en temps r\u00e9el, des param\u00e8tres d\u2019utilisation et des indicateurs de fonctionnement num\u00e9ris\u00e9s, dans le but d\u2019am\u00e9liorer le niveau de s\u00e9curit\u00e9 et d\u2019ergonomie de l\u2019utilisateur<\/strong>. De m\u00eame, le nouvel exosquelette MATE-XB est con\u00e7u pour soutenir l\u2019articulation sacro-vert\u00e9brale lors des mouvements consistant \u00e0 se pencher, soulever et manipuler des charges allant jusqu\u2019\u00e0 25&nbsp;kg.&nbsp;<\/p>\n\n\n\n<p><strong>Confortables, tr\u00e8s respirants et capables de r\u00e9sister aux conditions extr\u00eames, aux intemp\u00e9ries et aux environnements maritimes corrosifs, les exosquelettes MATE-XT et MATE-XB attestent de l\u2019engagement de Comau \u00e0 am\u00e9liorer l\u2019ergonomie durable gr\u00e2ce \u00e0 la robotique portable.<\/strong>&nbsp;<\/p>\n\n\n\n<p>Ce salon confirme l\u2019orientation de Comau, qui s\u2019adresse \u00e0 une client\u00e8le <strong>de plus en plus large et transversale, avec des solutions d\u2019automatisation avanc\u00e9e convenant \u00e0 de multiples secteurs industriels<\/strong>. Les valeurs de Comau France, reprises dans le monde entier, et sa longue pr\u00e9sence sur le march\u00e9 sont la cl\u00e9 de la r\u00e9ussite de l\u2019entreprise, car elles contribuent \u00e0 cr\u00e9er de nouvelles opportunit\u00e9s dans les secteurs \u00e9conomiques traditionnels et \u00e9mergents.<\/p>\n\n\n\n<p>Comau France travaille avec de nombreux constructeurs automobiles fran\u00e7ais de premier ordre depuis plus de 20 ans. Dans ses \u00e9tablissements de Trappes et Castres, l\u2019entreprise emploie plus de 300 personnes, principalement dans le champ des syst\u00e8mes d\u2019automatisation, des solutions d\u2019usinage et de la robotique avanc\u00e9e pour l\u2019industrie g\u00e9n\u00e9rale. Depuis la production de batteries jusqu\u2019aux v\u00e9hicules \u00e9lectriques, en passant par les projets de production d\u2019\u00e9nergie, <strong>Comau France fournit \u00e9galement des solutions techniques permettant une automatisation p\u00e9renne en mati\u00e8re d\u2019\u00e9nergies renouvelables, y compris l\u2019\u00e9olien et l\u2019hydrog\u00e8ne<\/strong>. De m\u00eame, <strong>l\u2019entreprise collabore avec des h\u00f4pitaux et d\u2019autres secteurs non industriels pour faciliter l\u2019ergonomie durable lors des t\u00e2ches manuelles et r\u00e9p\u00e9titives, \u00e0 l\u2019aide de l\u2019exosquelette MATE-XT de Comau, robotis\u00e9 et portable<\/strong>.<\/p>\n\n\n\n<div class=\"wp-block-getwid-images-slider has-arrows-inside has-dots-inside has-images-center has-cropped-images has-fixed-height\"><div class=\"wp-block-getwid-images-slider__wrapper\" data-effect=\"slide\" data-slides-show=\"1\" data-slides-show-laptop=\"1\" data-slides-show-tablet=\"1\" data-slides-show-mobile=\"1\" data-slides-scroll=\"1\" data-autoplay=\"false\" data-autoplay-speed=\"6000\" data-infinite=\"true\" data-animation-speed=\"800\" data-center-mode=\"false\" data-variable-width=\"false\" data-arrows=\"inside\" data-dots=\"inside\" data-spacing=\"none\"><div class=\"wp-block-getwid-images-slider__item\" style=\"height:500px\"><figure><img decoding=\"async\" width=\"1512\" height=\"2016\" src=\"https:\/\/www.comau.com\/wp-content\/uploads\/2023\/10\/Photo-1-LIGHT.jpg\" data-id=\"57788\" data-link=\"https:\/\/www.comau.com\/fr\/photo-1-light-2\/\" data-original-link=\"https:\/\/www.comau.com\/wp-content\/uploads\/2023\/10\/Photo-1-LIGHT.jpg\" class=\"wp-block-getwid-images-slider__image wp-image-57788\" srcset=\"https:\/\/www.comau.com\/wp-content\/uploads\/2023\/10\/Photo-1-LIGHT.jpg 1512w, https:\/\/www.comau.com\/wp-content\/uploads\/2023\/10\/Photo-1-LIGHT-225x300.jpg 225w, https:\/\/www.comau.com\/wp-content\/uploads\/2023\/10\/Photo-1-LIGHT-768x1024.jpg 768w, https:\/\/www.comau.com\/wp-content\/uploads\/2023\/10\/Photo-1-LIGHT-1152x1536.jpg 1152w\" sizes=\"(max-width: 1512px) 100vw, 1512px\" \/><\/figure><\/div><div class=\"wp-block-getwid-images-slider__item\" style=\"height:500px\"><figure><img decoding=\"async\" width=\"1482\" height=\"1977\" src=\"https:\/\/www.comau.com\/wp-content\/uploads\/2023\/10\/Photo-2-LIGHT.jpg\" data-id=\"57794\" data-link=\"https:\/\/www.comau.com\/fr\/photo-2-light-2\/\" data-original-link=\"https:\/\/www.comau.com\/wp-content\/uploads\/2023\/10\/Photo-2-LIGHT.jpg\" class=\"wp-block-getwid-images-slider__image wp-image-57794\" srcset=\"https:\/\/www.comau.com\/wp-content\/uploads\/2023\/10\/Photo-2-LIGHT.jpg 1482w, https:\/\/www.comau.com\/wp-content\/uploads\/2023\/10\/Photo-2-LIGHT-225x300.jpg 225w, https:\/\/www.comau.com\/wp-content\/uploads\/2023\/10\/Photo-2-LIGHT-768x1025.jpg 768w, https:\/\/www.comau.com\/wp-content\/uploads\/2023\/10\/Photo-2-LIGHT-1151x1536.jpg 1151w\" sizes=\"(max-width: 1482px) 100vw, 1482px\" \/><\/figure><\/div><div class=\"wp-block-getwid-images-slider__item\" style=\"height:500px\"><figure><img decoding=\"async\" width=\"1361\" height=\"1815\" src=\"https:\/\/www.comau.com\/wp-content\/uploads\/2023\/10\/Photo-3-LIGHT.jpg\" data-id=\"57801\" data-link=\"https:\/\/www.comau.com\/fr\/photo-3-light-2\/\" data-original-link=\"https:\/\/www.comau.com\/wp-content\/uploads\/2023\/10\/Photo-3-LIGHT.jpg\" class=\"wp-block-getwid-images-slider__image wp-image-57801\" srcset=\"https:\/\/www.comau.com\/wp-content\/uploads\/2023\/10\/Photo-3-LIGHT.jpg 1361w, https:\/\/www.comau.com\/wp-content\/uploads\/2023\/10\/Photo-3-LIGHT-225x300.jpg 225w, https:\/\/www.comau.com\/wp-content\/uploads\/2023\/10\/Photo-3-LIGHT-768x1024.jpg 768w, https:\/\/www.comau.com\/wp-content\/uploads\/2023\/10\/Photo-3-LIGHT-1152x1536.jpg 1152w\" sizes=\"(max-width: 1361px) 100vw, 1361px\" \/><\/figure><\/div><\/div><\/div>\n","protected":false},"excerpt":{"rendered":"<p>Castres, le 17-19 octobre 2023 \u2013 Comau pr\u00e9sente ses solutions d\u2019automatisation avanc\u00e9e pour l\u2019\u00e9nergie, l\u2019a\u00e9rospatiale et l\u2019\u00e9lectromobilit\u00e9 au salon SIANE 2023 (du 17 au 19 octobre \u00e0 Toulouse). Dans le Pavillon de l\u2019innovation de l\u2019industrie 4.0, aux c\u00f4t\u00e9s de l\u2019int\u00e9grateur de syst\u00e8mes AGV Mecatronique (stand C20), Comau offre en exclusivit\u00e9 aux visiteurs une pr\u00e9sentation sp\u00e9ciale [&hellip;]<\/p>\n","protected":false},"author":19,"featured_media":57788,"comment_status":"closed","ping_status":"open","sticky":false,"template":"","format":"standard","meta":{"_acf_changed":false,"ep_exclude_from_search":false,"footnotes":""},"categories":[68,79],"tags":[],"class_list":["post-57816","post","type-post","status-publish","format-standard","has-post-thumbnail","hentry","category-events-fr","category-highlights-fr"],"acf":[],"yoast_head":"<!-- This site is optimized with the Yoast SEO plugin v26.9 - https:\/\/yoast.com\/product\/yoast-seo-wordpress\/ -->\n<title>Au salon SIANE 2023, Comau pr\u00e9sente en avant-premi\u00e8re ses solutions innovantes en mati\u00e8re d\u2019\u00e9nergie et d\u2019a\u00e9rospatiale - Comau<\/title>\n<meta name=\"robots\" content=\"index, follow, max-snippet:-1, max-image-preview:large, max-video-preview:-1\" \/>\n<link rel=\"canonical\" href=\"https:\/\/www.comau.com\/fr\/2023\/10\/18\/au-salon-siane-2023-comau-presente-en-avant-premiere-ses-solutions-innovantes-en-matiere-denergie-et-daerospatiale\/\" \/>\n<meta property=\"og:locale\" content=\"fr_FR\" \/>\n<meta property=\"og:type\" content=\"article\" \/>\n<meta property=\"og:title\" content=\"Au salon SIANE 2023, Comau pr\u00e9sente en avant-premi\u00e8re ses solutions innovantes en mati\u00e8re d\u2019\u00e9nergie et d\u2019a\u00e9rospatiale - Comau\" \/>\n<meta property=\"og:description\" content=\"Castres, le 17-19 octobre 2023 \u2013 Comau pr\u00e9sente ses solutions d\u2019automatisation avanc\u00e9e pour l\u2019\u00e9nergie, l\u2019a\u00e9rospatiale et l\u2019\u00e9lectromobilit\u00e9 au salon SIANE 2023 (du 17 au 19 octobre \u00e0 Toulouse). Dans le Pavillon de l\u2019innovation de l\u2019industrie 4.0, aux c\u00f4t\u00e9s de l\u2019int\u00e9grateur de syst\u00e8mes AGV Mecatronique (stand C20), Comau offre en exclusivit\u00e9 aux visiteurs une pr\u00e9sentation sp\u00e9ciale [&hellip;]\" \/>\n<meta property=\"og:url\" content=\"https:\/\/www.comau.com\/fr\/2023\/10\/18\/au-salon-siane-2023-comau-presente-en-avant-premiere-ses-solutions-innovantes-en-matiere-denergie-et-daerospatiale\/\" \/>\n<meta property=\"og:site_name\" content=\"Comau\" \/>\n<meta property=\"article:publisher\" content=\"https:\/\/www.facebook.com\/COMAU\/\" \/>\n<meta property=\"article:published_time\" content=\"2023-10-18T12:58:17+00:00\" \/>\n<meta property=\"article:modified_time\" content=\"2023-10-18T13:07:45+00:00\" \/>\n<meta property=\"og:image\" content=\"https:\/\/www.comau.com\/wp-content\/uploads\/2023\/10\/Photo-1-LIGHT.jpg\" \/>\n\t<meta property=\"og:image:width\" content=\"1512\" \/>\n\t<meta property=\"og:image:height\" content=\"2016\" \/>\n\t<meta property=\"og:image:type\" content=\"image\/jpeg\" \/>\n<meta name=\"author\" content=\"Stefania Bernabeo\" \/>\n<meta name=\"twitter:card\" content=\"summary_large_image\" \/>\n<meta name=\"twitter:creator\" content=\"@comaugroup\" \/>\n<meta name=\"twitter:site\" content=\"@comaugroup\" \/>\n<meta name=\"twitter:label1\" content=\"\u00c9crit par\" \/>\n\t<meta name=\"twitter:data1\" content=\"Stefania Bernabeo\" \/>\n\t<meta name=\"twitter:label2\" content=\"Dur\u00e9e de lecture estim\u00e9e\" \/>\n\t<meta name=\"twitter:data2\" content=\"4 minutes\" \/>\n<script type=\"application\/ld+json\" class=\"yoast-schema-graph\">{\"@context\":\"https:\/\/schema.org\",\"@graph\":[{\"@type\":\"Article\",\"@id\":\"https:\/\/www.comau.com\/fr\/2023\/10\/18\/au-salon-siane-2023-comau-presente-en-avant-premiere-ses-solutions-innovantes-en-matiere-denergie-et-daerospatiale\/#article\",\"isPartOf\":{\"@id\":\"https:\/\/www.comau.com\/fr\/2023\/10\/18\/au-salon-siane-2023-comau-presente-en-avant-premiere-ses-solutions-innovantes-en-matiere-denergie-et-daerospatiale\/\"},\"author\":{\"name\":\"Stefania Bernabeo\",\"@id\":\"https:\/\/www.comau.com\/fr\/#\/schema\/person\/39c33ef3d11161573e6b66bc5abd090d\"},\"headline\":\"Au salon SIANE 2023, Comau pr\u00e9sente en avant-premi\u00e8re ses solutions innovantes en mati\u00e8re d\u2019\u00e9nergie et d\u2019a\u00e9rospatiale\",\"datePublished\":\"2023-10-18T12:58:17+00:00\",\"dateModified\":\"2023-10-18T13:07:45+00:00\",\"mainEntityOfPage\":{\"@id\":\"https:\/\/www.comau.com\/fr\/2023\/10\/18\/au-salon-siane-2023-comau-presente-en-avant-premiere-ses-solutions-innovantes-en-matiere-denergie-et-daerospatiale\/\"},\"wordCount\":585,\"publisher\":{\"@id\":\"https:\/\/www.comau.com\/fr\/#organization\"},\"image\":{\"@id\":\"https:\/\/www.comau.com\/fr\/2023\/10\/18\/au-salon-siane-2023-comau-presente-en-avant-premiere-ses-solutions-innovantes-en-matiere-denergie-et-daerospatiale\/#primaryimage\"},\"thumbnailUrl\":\"https:\/\/www.comau.com\/wp-content\/uploads\/2023\/10\/Photo-1-LIGHT.jpg\",\"articleSection\":[\"Events\",\"Highlights\"],\"inLanguage\":\"fr-FR\"},{\"@type\":\"WebPage\",\"@id\":\"https:\/\/www.comau.com\/fr\/2023\/10\/18\/au-salon-siane-2023-comau-presente-en-avant-premiere-ses-solutions-innovantes-en-matiere-denergie-et-daerospatiale\/\",\"url\":\"https:\/\/www.comau.com\/fr\/2023\/10\/18\/au-salon-siane-2023-comau-presente-en-avant-premiere-ses-solutions-innovantes-en-matiere-denergie-et-daerospatiale\/\",\"name\":\"Au salon SIANE 2023, Comau pr\u00e9sente en avant-premi\u00e8re ses solutions innovantes en mati\u00e8re d\u2019\u00e9nergie et d\u2019a\u00e9rospatiale - Comau\",\"isPartOf\":{\"@id\":\"https:\/\/www.comau.com\/fr\/#website\"},\"primaryImageOfPage\":{\"@id\":\"https:\/\/www.comau.com\/fr\/2023\/10\/18\/au-salon-siane-2023-comau-presente-en-avant-premiere-ses-solutions-innovantes-en-matiere-denergie-et-daerospatiale\/#primaryimage\"},\"image\":{\"@id\":\"https:\/\/www.comau.com\/fr\/2023\/10\/18\/au-salon-siane-2023-comau-presente-en-avant-premiere-ses-solutions-innovantes-en-matiere-denergie-et-daerospatiale\/#primaryimage\"},\"thumbnailUrl\":\"https:\/\/www.comau.com\/wp-content\/uploads\/2023\/10\/Photo-1-LIGHT.jpg\",\"datePublished\":\"2023-10-18T12:58:17+00:00\",\"dateModified\":\"2023-10-18T13:07:45+00:00\",\"breadcrumb\":{\"@id\":\"https:\/\/www.comau.com\/fr\/2023\/10\/18\/au-salon-siane-2023-comau-presente-en-avant-premiere-ses-solutions-innovantes-en-matiere-denergie-et-daerospatiale\/#breadcrumb\"},\"inLanguage\":\"fr-FR\",\"potentialAction\":[{\"@type\":\"ReadAction\",\"target\":[\"https:\/\/www.comau.com\/fr\/2023\/10\/18\/au-salon-siane-2023-comau-presente-en-avant-premiere-ses-solutions-innovantes-en-matiere-denergie-et-daerospatiale\/\"]}]},{\"@type\":\"ImageObject\",\"inLanguage\":\"fr-FR\",\"@id\":\"https:\/\/www.comau.com\/fr\/2023\/10\/18\/au-salon-siane-2023-comau-presente-en-avant-premiere-ses-solutions-innovantes-en-matiere-denergie-et-daerospatiale\/#primaryimage\",\"url\":\"https:\/\/www.comau.com\/wp-content\/uploads\/2023\/10\/Photo-1-LIGHT.jpg\",\"contentUrl\":\"https:\/\/www.comau.com\/wp-content\/uploads\/2023\/10\/Photo-1-LIGHT.jpg\",\"width\":1512,\"height\":2016},{\"@type\":\"BreadcrumbList\",\"@id\":\"https:\/\/www.comau.com\/fr\/2023\/10\/18\/au-salon-siane-2023-comau-presente-en-avant-premiere-ses-solutions-innovantes-en-matiere-denergie-et-daerospatiale\/#breadcrumb\",\"itemListElement\":[{\"@type\":\"ListItem\",\"position\":1,\"name\":\"Home\",\"item\":\"https:\/\/www.comau.com\/fr\/\"},{\"@type\":\"ListItem\",\"position\":2,\"name\":\"Newsroom\",\"item\":\"https:\/\/www.comau.com\/fr\/newsroom\/\"},{\"@type\":\"ListItem\",\"position\":3,\"name\":\"Au salon SIANE 2023, Comau pr\u00e9sente en avant-premi\u00e8re ses solutions innovantes en mati\u00e8re d\u2019\u00e9nergie et d\u2019a\u00e9rospatiale\"}]},{\"@type\":\"WebSite\",\"@id\":\"https:\/\/www.comau.com\/fr\/#website\",\"url\":\"https:\/\/www.comau.com\/fr\/\",\"name\":\"Comau\",\"description\":\"Industrial automation and robotics\",\"publisher\":{\"@id\":\"https:\/\/www.comau.com\/fr\/#organization\"},\"potentialAction\":[{\"@type\":\"SearchAction\",\"target\":{\"@type\":\"EntryPoint\",\"urlTemplate\":\"https:\/\/www.comau.com\/fr\/?s={search_term_string}\"},\"query-input\":{\"@type\":\"PropertyValueSpecification\",\"valueRequired\":true,\"valueName\":\"search_term_string\"}}],\"inLanguage\":\"fr-FR\"},{\"@type\":\"Organization\",\"@id\":\"https:\/\/www.comau.com\/fr\/#organization\",\"name\":\"Comau\",\"url\":\"https:\/\/www.comau.com\/fr\/\",\"logo\":{\"@type\":\"ImageObject\",\"inLanguage\":\"fr-FR\",\"@id\":\"https:\/\/www.comau.com\/fr\/#\/schema\/logo\/image\/\",\"url\":\"https:\/\/www.comau.com\/wp-content\/uploads\/2024\/07\/cropped-Logo-COMAU.png\",\"contentUrl\":\"https:\/\/www.comau.com\/wp-content\/uploads\/2024\/07\/cropped-Logo-COMAU.png\",\"width\":434,\"height\":434,\"caption\":\"Comau\"},\"image\":{\"@id\":\"https:\/\/www.comau.com\/fr\/#\/schema\/logo\/image\/\"},\"sameAs\":[\"https:\/\/www.facebook.com\/COMAU\/\",\"https:\/\/x.com\/comaugroup\",\"https:\/\/www.instagram.com\/comaugroup\/\",\"https:\/\/www.linkedin.com\/company\/comau\",\"https:\/\/www.youtube.com\/user\/comau\"]},{\"@type\":\"Person\",\"@id\":\"https:\/\/www.comau.com\/fr\/#\/schema\/person\/39c33ef3d11161573e6b66bc5abd090d\",\"name\":\"Stefania Bernabeo\"}]}<\/script>\n<!-- \/ Yoast SEO plugin. -->","yoast_head_json":{"title":"Au salon SIANE 2023, Comau pr\u00e9sente en avant-premi\u00e8re ses solutions innovantes en mati\u00e8re d\u2019\u00e9nergie et d\u2019a\u00e9rospatiale - Comau","robots":{"index":"index","follow":"follow","max-snippet":"max-snippet:-1","max-image-preview":"max-image-preview:large","max-video-preview":"max-video-preview:-1"},"canonical":"https:\/\/www.comau.com\/fr\/2023\/10\/18\/au-salon-siane-2023-comau-presente-en-avant-premiere-ses-solutions-innovantes-en-matiere-denergie-et-daerospatiale\/","og_locale":"fr_FR","og_type":"article","og_title":"Au salon SIANE 2023, Comau pr\u00e9sente en avant-premi\u00e8re ses solutions innovantes en mati\u00e8re d\u2019\u00e9nergie et d\u2019a\u00e9rospatiale - Comau","og_description":"Castres, le 17-19 octobre 2023 \u2013 Comau pr\u00e9sente ses solutions d\u2019automatisation avanc\u00e9e pour l\u2019\u00e9nergie, l\u2019a\u00e9rospatiale et l\u2019\u00e9lectromobilit\u00e9 au salon SIANE 2023 (du 17 au 19 octobre \u00e0 Toulouse). Dans le Pavillon de l\u2019innovation de l\u2019industrie 4.0, aux c\u00f4t\u00e9s de l\u2019int\u00e9grateur de syst\u00e8mes AGV Mecatronique (stand C20), Comau offre en exclusivit\u00e9 aux visiteurs une pr\u00e9sentation sp\u00e9ciale [&hellip;]","og_url":"https:\/\/www.comau.com\/fr\/2023\/10\/18\/au-salon-siane-2023-comau-presente-en-avant-premiere-ses-solutions-innovantes-en-matiere-denergie-et-daerospatiale\/","og_site_name":"Comau","article_publisher":"https:\/\/www.facebook.com\/COMAU\/","article_published_time":"2023-10-18T12:58:17+00:00","article_modified_time":"2023-10-18T13:07:45+00:00","og_image":[{"width":1512,"height":2016,"url":"https:\/\/www.comau.com\/wp-content\/uploads\/2023\/10\/Photo-1-LIGHT.jpg","type":"image\/jpeg"}],"author":"Stefania Bernabeo","twitter_card":"summary_large_image","twitter_creator":"@comaugroup","twitter_site":"@comaugroup","twitter_misc":{"\u00c9crit par":"Stefania Bernabeo","Dur\u00e9e de lecture estim\u00e9e":"4 minutes"},"schema":{"@context":"https:\/\/schema.org","@graph":[{"@type":"Article","@id":"https:\/\/www.comau.com\/fr\/2023\/10\/18\/au-salon-siane-2023-comau-presente-en-avant-premiere-ses-solutions-innovantes-en-matiere-denergie-et-daerospatiale\/#article","isPartOf":{"@id":"https:\/\/www.comau.com\/fr\/2023\/10\/18\/au-salon-siane-2023-comau-presente-en-avant-premiere-ses-solutions-innovantes-en-matiere-denergie-et-daerospatiale\/"},"author":{"name":"Stefania Bernabeo","@id":"https:\/\/www.comau.com\/fr\/#\/schema\/person\/39c33ef3d11161573e6b66bc5abd090d"},"headline":"Au salon SIANE 2023, Comau pr\u00e9sente en avant-premi\u00e8re ses solutions innovantes en mati\u00e8re d\u2019\u00e9nergie et d\u2019a\u00e9rospatiale","datePublished":"2023-10-18T12:58:17+00:00","dateModified":"2023-10-18T13:07:45+00:00","mainEntityOfPage":{"@id":"https:\/\/www.comau.com\/fr\/2023\/10\/18\/au-salon-siane-2023-comau-presente-en-avant-premiere-ses-solutions-innovantes-en-matiere-denergie-et-daerospatiale\/"},"wordCount":585,"publisher":{"@id":"https:\/\/www.comau.com\/fr\/#organization"},"image":{"@id":"https:\/\/www.comau.com\/fr\/2023\/10\/18\/au-salon-siane-2023-comau-presente-en-avant-premiere-ses-solutions-innovantes-en-matiere-denergie-et-daerospatiale\/#primaryimage"},"thumbnailUrl":"https:\/\/www.comau.com\/wp-content\/uploads\/2023\/10\/Photo-1-LIGHT.jpg","articleSection":["Events","Highlights"],"inLanguage":"fr-FR"},{"@type":"WebPage","@id":"https:\/\/www.comau.com\/fr\/2023\/10\/18\/au-salon-siane-2023-comau-presente-en-avant-premiere-ses-solutions-innovantes-en-matiere-denergie-et-daerospatiale\/","url":"https:\/\/www.comau.com\/fr\/2023\/10\/18\/au-salon-siane-2023-comau-presente-en-avant-premiere-ses-solutions-innovantes-en-matiere-denergie-et-daerospatiale\/","name":"Au salon SIANE 2023, Comau pr\u00e9sente en avant-premi\u00e8re ses solutions innovantes en mati\u00e8re d\u2019\u00e9nergie et d\u2019a\u00e9rospatiale - Comau","isPartOf":{"@id":"https:\/\/www.comau.com\/fr\/#website"},"primaryImageOfPage":{"@id":"https:\/\/www.comau.com\/fr\/2023\/10\/18\/au-salon-siane-2023-comau-presente-en-avant-premiere-ses-solutions-innovantes-en-matiere-denergie-et-daerospatiale\/#primaryimage"},"image":{"@id":"https:\/\/www.comau.com\/fr\/2023\/10\/18\/au-salon-siane-2023-comau-presente-en-avant-premiere-ses-solutions-innovantes-en-matiere-denergie-et-daerospatiale\/#primaryimage"},"thumbnailUrl":"https:\/\/www.comau.com\/wp-content\/uploads\/2023\/10\/Photo-1-LIGHT.jpg","datePublished":"2023-10-18T12:58:17+00:00","dateModified":"2023-10-18T13:07:45+00:00","breadcrumb":{"@id":"https:\/\/www.comau.com\/fr\/2023\/10\/18\/au-salon-siane-2023-comau-presente-en-avant-premiere-ses-solutions-innovantes-en-matiere-denergie-et-daerospatiale\/#breadcrumb"},"inLanguage":"fr-FR","potentialAction":[{"@type":"ReadAction","target":["https:\/\/www.comau.com\/fr\/2023\/10\/18\/au-salon-siane-2023-comau-presente-en-avant-premiere-ses-solutions-innovantes-en-matiere-denergie-et-daerospatiale\/"]}]},{"@type":"ImageObject","inLanguage":"fr-FR","@id":"https:\/\/www.comau.com\/fr\/2023\/10\/18\/au-salon-siane-2023-comau-presente-en-avant-premiere-ses-solutions-innovantes-en-matiere-denergie-et-daerospatiale\/#primaryimage","url":"https:\/\/www.comau.com\/wp-content\/uploads\/2023\/10\/Photo-1-LIGHT.jpg","contentUrl":"https:\/\/www.comau.com\/wp-content\/uploads\/2023\/10\/Photo-1-LIGHT.jpg","width":1512,"height":2016},{"@type":"BreadcrumbList","@id":"https:\/\/www.comau.com\/fr\/2023\/10\/18\/au-salon-siane-2023-comau-presente-en-avant-premiere-ses-solutions-innovantes-en-matiere-denergie-et-daerospatiale\/#breadcrumb","itemListElement":[{"@type":"ListItem","position":1,"name":"Home","item":"https:\/\/www.comau.com\/fr\/"},{"@type":"ListItem","position":2,"name":"Newsroom","item":"https:\/\/www.comau.com\/fr\/newsroom\/"},{"@type":"ListItem","position":3,"name":"Au salon SIANE 2023, Comau pr\u00e9sente en avant-premi\u00e8re ses solutions innovantes en mati\u00e8re d\u2019\u00e9nergie et d\u2019a\u00e9rospatiale"}]},{"@type":"WebSite","@id":"https:\/\/www.comau.com\/fr\/#website","url":"https:\/\/www.comau.com\/fr\/","name":"Comau","description":"Industrial automation and robotics","publisher":{"@id":"https:\/\/www.comau.com\/fr\/#organization"},"potentialAction":[{"@type":"SearchAction","target":{"@type":"EntryPoint","urlTemplate":"https:\/\/www.comau.com\/fr\/?s={search_term_string}"},"query-input":{"@type":"PropertyValueSpecification","valueRequired":true,"valueName":"search_term_string"}}],"inLanguage":"fr-FR"},{"@type":"Organization","@id":"https:\/\/www.comau.com\/fr\/#organization","name":"Comau","url":"https:\/\/www.comau.com\/fr\/","logo":{"@type":"ImageObject","inLanguage":"fr-FR","@id":"https:\/\/www.comau.com\/fr\/#\/schema\/logo\/image\/","url":"https:\/\/www.comau.com\/wp-content\/uploads\/2024\/07\/cropped-Logo-COMAU.png","contentUrl":"https:\/\/www.comau.com\/wp-content\/uploads\/2024\/07\/cropped-Logo-COMAU.png","width":434,"height":434,"caption":"Comau"},"image":{"@id":"https:\/\/www.comau.com\/fr\/#\/schema\/logo\/image\/"},"sameAs":["https:\/\/www.facebook.com\/COMAU\/","https:\/\/x.com\/comaugroup","https:\/\/www.instagram.com\/comaugroup\/","https:\/\/www.linkedin.com\/company\/comau","https:\/\/www.youtube.com\/user\/comau"]},{"@type":"Person","@id":"https:\/\/www.comau.com\/fr\/#\/schema\/person\/39c33ef3d11161573e6b66bc5abd090d","name":"Stefania Bernabeo"}]}},"_links":{"self":[{"href":"https:\/\/www.comau.com\/fr\/wp-json\/wp\/v2\/posts\/57816","targetHints":{"allow":["GET"]}}],"collection":[{"href":"https:\/\/www.comau.com\/fr\/wp-json\/wp\/v2\/posts"}],"about":[{"href":"https:\/\/www.comau.com\/fr\/wp-json\/wp\/v2\/types\/post"}],"author":[{"embeddable":true,"href":"https:\/\/www.comau.com\/fr\/wp-json\/wp\/v2\/users\/19"}],"replies":[{"embeddable":true,"href":"https:\/\/www.comau.com\/fr\/wp-json\/wp\/v2\/comments?post=57816"}],"version-history":[{"count":5,"href":"https:\/\/www.comau.com\/fr\/wp-json\/wp\/v2\/posts\/57816\/revisions"}],"predecessor-version":[{"id":57830,"href":"https:\/\/www.comau.com\/fr\/wp-json\/wp\/v2\/posts\/57816\/revisions\/57830"}],"wp:featuredmedia":[{"embeddable":true,"href":"https:\/\/www.comau.com\/fr\/wp-json\/wp\/v2\/media\/57788"}],"wp:attachment":[{"href":"https:\/\/www.comau.com\/fr\/wp-json\/wp\/v2\/media?parent=57816"}],"wp:term":[{"taxonomy":"category","embeddable":true,"href":"https:\/\/www.comau.com\/fr\/wp-json\/wp\/v2\/categories?post=57816"},{"taxonomy":"post_tag","embeddable":true,"href":"https:\/\/www.comau.com\/fr\/wp-json\/wp\/v2\/tags?post=57816"}],"curies":[{"name":"wp","href":"https:\/\/api.w.org\/{rel}","templated":true}]}}