{"id":57934,"date":"2023-10-25T15:37:50","date_gmt":"2023-10-25T13:37:50","guid":{"rendered":"https:\/\/www.comau.com\/?p=57934"},"modified":"2023-10-30T15:36:07","modified_gmt":"2023-10-30T14:36:07","slug":"comau-praesentiert-sein-tragbares-robotik-portfolio-auf-der-aa-messe-in-deutschland","status":"publish","type":"post","link":"https:\/\/www.comau.com\/de\/2023\/10\/25\/comau-praesentiert-sein-tragbares-robotik-portfolio-auf-der-aa-messe-in-deutschland\/","title":{"rendered":"Comau pr\u00e4sentiert sein tragbares Robotik-Portfolio auf der A+A Messe in Deutschland."},"content":{"rendered":"\n<p>D\u00fcsseldorf, 25. Oktober 2023 \u2013 Comau bringt sein Portfolio an tragbarer Robotik, erweitert um ein innovatives neues Exoskelett, auf die <a href=\"https:\/\/aplusa-online.com\" target=\"_blank\" rel=\"noreferrer noopener\">A+A 2023<\/a> (24.\u201327. Oktober in D\u00fcsseldorf, Deutschland).<\/p>\n\n\n\n<p>W\u00e4hrend der Messe wird das neue Comau <strong><a href=\"https:\/\/mate.comau.com\/mate-xb\/\" target=\"_blank\" rel=\"noreferrer noopener\">MATE-XB<\/a><\/strong> vorgestellt. <strong>Das neue tragbare Ger\u00e4t, das den Bed\u00fcrfnissen von Arbeitern, die schwerf\u00e4llige Lasten bewegen, voll und ganz gerecht wird, indem es die Erm\u00fcdung des unteren R\u00fcckens beim Heben und sich wiederholenden Aufgaben verringert und dadurch ihre Ergonomie erheblich verbessert<\/strong>. MATE-XB wurde von Comau und IUVO entwickelt und ist ein vollst\u00e4ndig passives Ger\u00e4t, das die R\u00fcckenmuskulatur ohne Batterien, Motoren oder andere fehleranf\u00e4llige Ger\u00e4te unterst\u00fctzt. Das Exoskelett ist leicht zu tragen und l\u00e4sst sich schnell an jede K\u00f6rperform anpassen. Es ist wasser-, staub- und witterungsbest\u00e4ndig und eignet sich sowohl f\u00fcr den Innen- als auch f\u00fcr den Au\u00dfenbereich, selbst in stark korrosiven Meeresumgebungen.<\/p>\n\n\n\n<p>Dank seiner F\u00e4higkeit, den Bewegungen des Benutzers zu folgen, und seiner leichten Kohlefaser Struktur ist MATE-XB <strong>die perfekte Unterst\u00fctzung f\u00fcr Logistik, Auftragsabwicklung, manuelles Palettieren und Depalettieren, manuelles Pick &amp; Place, Biegen, Heben vom Boden und viele andere Anwendungen, bei denen der Bediener den R\u00fccken beugen muss<\/strong>.<\/p>\n\n\n\n<p>Dar\u00fcber hinaus bekr\u00e4ftigt Comau sein<strong> unerm\u00fcdliches Engagement im Bereich der tragbaren Robotik, die mit L\u00f6sungen wie<\/strong> <strong><a href=\"https:\/\/mate.comau.com\/mate-xt\/\" target=\"_blank\" rel=\"noreferrer noopener\">MATE-XT<\/a><\/strong> auf der Messe vorgestellt werden und umfassende Anforderungen an die K\u00f6rperunterst\u00fctzung, einschlie\u00dflich des Oberk\u00f6rpers, abdeckt.<\/p>\n\n\n<div class=\"wp-block-image\">\n<figure class=\"alignright size-large is-resized\"><img decoding=\"async\" width=\"627\" height=\"1024\" src=\"https:\/\/www.comau.com\/wp-content\/uploads\/2023\/10\/aanews-LIGHT-627x1024.jpg\" alt=\"\" class=\"wp-image-57894\" style=\"aspect-ratio:0.6123046875;width:322px;height:auto\" srcset=\"https:\/\/www.comau.com\/wp-content\/uploads\/2023\/10\/aanews-LIGHT-627x1024.jpg 627w, https:\/\/www.comau.com\/wp-content\/uploads\/2023\/10\/aanews-LIGHT-184x300.jpg 184w, https:\/\/www.comau.com\/wp-content\/uploads\/2023\/10\/aanews-LIGHT-768x1254.jpg 768w, https:\/\/www.comau.com\/wp-content\/uploads\/2023\/10\/aanews-LIGHT-941x1536.jpg 941w, https:\/\/www.comau.com\/wp-content\/uploads\/2023\/10\/aanews-LIGHT-1255x2048.jpg 1255w, https:\/\/www.comau.com\/wp-content\/uploads\/2023\/10\/aanews-LIGHT.jpg 1281w\" sizes=\"(max-width: 627px) 100vw, 627px\" \/><\/figure>\n<\/div>\n\n\n<p>MATE-XT ist ein mechanisch angetriebenes Exoskelett (keine Batterien, keine Motoren) zur Entlastung der Muskelanstrengung im Schulterbereich f\u00fcr Arbeiter, die mit erhobenen Armen arbeiten. Dies geschieht durch physiologische Unterst\u00fctzung sowohl bei sich wiederholenden als auch bei statischen Aufgaben.&nbsp;<\/p>\n\n\n\n<p>Am Stand A26, Halle 9 k\u00f6nnen Besucher gemeinsam mit dem Distributor <a href=\"https:\/\/artus-group.com\" target=\"_blank\" rel=\"noreferrer noopener\">Albw Artus Group<\/a> \u2013 einem bekannten deutschen Unternehmen der pers\u00f6nlichen Schutzausr\u00fcstung Branche \u2013 die Exoskelette tragen und testen, um die Vorteile der tragbaren Ger\u00e4te aus erster Hand zu erleben.<\/p>\n\n\n\n<p>Die Teilnahme an dieser Messe zeigt <strong>die starke Pr\u00e4senz von Comau in Deutschland und sein Engagement, durch das Angebot seiner fortschrittlichen industriellen Automatisierungsl\u00f6sungen und -systeme gemeinsam mit dem Markt zu wachsen. <\/strong>Tats\u00e4chlich ist das Unternehmen seit mehr als 26 Jahren in Deutschland pr\u00e4sent. Mit seinem Hauptsitz in K\u00f6ln und einem wachsenden Team von Experten f\u00fcr industrielle Automatisierung ist Comau gut aufgestellt, um die Anforderungen des lokalen Marktes branchen\u00fcbergreifend zu erf\u00fcllen. Comau Deutschland arbeitet nicht nur mit vielen der f\u00fchrenden Automobilhersteller des Landes f\u00fcr die Herstellung traditioneller und elektrischer Fahrzeuge zusammen, sondern ist auch in anderen wichtigen Branchen von der Luft- und Raumfahrt bis zur allgemeinen Fertigung t\u00e4tig.<\/p>\n","protected":false},"excerpt":{"rendered":"<p>D\u00fcsseldorf, 25. Oktober 2023 \u2013 Comau bringt sein Portfolio an tragbarer Robotik, erweitert um ein innovatives neues Exoskelett, auf die A+A 2023 (24.\u201327. Oktober in D\u00fcsseldorf, Deutschland). W\u00e4hrend der Messe wird das neue Comau MATE-XB vorgestellt. Das neue tragbare Ger\u00e4t, das den Bed\u00fcrfnissen von Arbeitern, die schwerf\u00e4llige Lasten bewegen, voll und ganz gerecht wird, indem [&hellip;]<\/p>\n","protected":false},"author":4,"featured_media":57900,"comment_status":"closed","ping_status":"open","sticky":false,"template":"","format":"standard","meta":{"_acf_changed":false,"ep_exclude_from_search":false,"footnotes":""},"categories":[76],"tags":[],"class_list":["post-57934","post","type-post","status-publish","format-standard","has-post-thumbnail","hentry","category-highlights-de"],"acf":[],"yoast_head":"<!-- This site is optimized with the Yoast SEO plugin v26.9 - https:\/\/yoast.com\/product\/yoast-seo-wordpress\/ -->\n<title>Comau pr\u00e4sentiert sein tragbares Robotik-Portfolio auf der A+A Messe in Deutschland. - Comau<\/title>\n<meta name=\"robots\" content=\"index, follow, max-snippet:-1, max-image-preview:large, max-video-preview:-1\" \/>\n<link rel=\"canonical\" href=\"https:\/\/www.comau.com\/de\/2023\/10\/25\/comau-praesentiert-sein-tragbares-robotik-portfolio-auf-der-aa-messe-in-deutschland\/\" \/>\n<meta property=\"og:locale\" content=\"de_DE\" \/>\n<meta property=\"og:type\" content=\"article\" \/>\n<meta property=\"og:title\" content=\"Comau pr\u00e4sentiert sein tragbares Robotik-Portfolio auf der A+A Messe in Deutschland. - Comau\" \/>\n<meta property=\"og:description\" content=\"D\u00fcsseldorf, 25. Oktober 2023 \u2013 Comau bringt sein Portfolio an tragbarer Robotik, erweitert um ein innovatives neues Exoskelett, auf die A+A 2023 (24.\u201327. Oktober in D\u00fcsseldorf, Deutschland). W\u00e4hrend der Messe wird das neue Comau MATE-XB vorgestellt. Das neue tragbare Ger\u00e4t, das den Bed\u00fcrfnissen von Arbeitern, die schwerf\u00e4llige Lasten bewegen, voll und ganz gerecht wird, indem [&hellip;]\" \/>\n<meta property=\"og:url\" content=\"https:\/\/www.comau.com\/de\/2023\/10\/25\/comau-praesentiert-sein-tragbares-robotik-portfolio-auf-der-aa-messe-in-deutschland\/\" \/>\n<meta property=\"og:site_name\" content=\"Comau\" \/>\n<meta property=\"article:publisher\" content=\"https:\/\/www.facebook.com\/COMAU\/\" \/>\n<meta property=\"article:published_time\" content=\"2023-10-25T13:37:50+00:00\" \/>\n<meta property=\"article:modified_time\" content=\"2023-10-30T14:36:07+00:00\" \/>\n<meta property=\"og:image\" content=\"https:\/\/www.comau.com\/wp-content\/uploads\/2023\/10\/header-aanews-LIGHT.jpg\" \/>\n\t<meta property=\"og:image:width\" content=\"1844\" \/>\n\t<meta property=\"og:image:height\" content=\"800\" \/>\n\t<meta property=\"og:image:type\" content=\"image\/jpeg\" \/>\n<meta name=\"author\" content=\"elena.bartolotti\" \/>\n<meta name=\"twitter:card\" content=\"summary_large_image\" \/>\n<meta name=\"twitter:creator\" content=\"@comaugroup\" \/>\n<meta name=\"twitter:site\" content=\"@comaugroup\" \/>\n<meta name=\"twitter:label1\" content=\"Verfasst von\" \/>\n\t<meta name=\"twitter:data1\" content=\"elena.bartolotti\" \/>\n\t<meta name=\"twitter:label2\" content=\"Gesch\u00e4tzte Lesezeit\" \/>\n\t<meta name=\"twitter:data2\" content=\"3\u00a0Minuten\" \/>\n<script type=\"application\/ld+json\" class=\"yoast-schema-graph\">{\"@context\":\"https:\/\/schema.org\",\"@graph\":[{\"@type\":\"Article\",\"@id\":\"https:\/\/www.comau.com\/de\/2023\/10\/25\/comau-praesentiert-sein-tragbares-robotik-portfolio-auf-der-aa-messe-in-deutschland\/#article\",\"isPartOf\":{\"@id\":\"https:\/\/www.comau.com\/de\/2023\/10\/25\/comau-praesentiert-sein-tragbares-robotik-portfolio-auf-der-aa-messe-in-deutschland\/\"},\"author\":{\"name\":\"elena.bartolotti\",\"@id\":\"https:\/\/www.comau.com\/de\/#\/schema\/person\/8d0f87b1afedba851bdcbbff148b00f4\"},\"headline\":\"Comau pr\u00e4sentiert sein tragbares Robotik-Portfolio auf der A+A Messe in Deutschland.\",\"datePublished\":\"2023-10-25T13:37:50+00:00\",\"dateModified\":\"2023-10-30T14:36:07+00:00\",\"mainEntityOfPage\":{\"@id\":\"https:\/\/www.comau.com\/de\/2023\/10\/25\/comau-praesentiert-sein-tragbares-robotik-portfolio-auf-der-aa-messe-in-deutschland\/\"},\"wordCount\":452,\"publisher\":{\"@id\":\"https:\/\/www.comau.com\/de\/#organization\"},\"image\":{\"@id\":\"https:\/\/www.comau.com\/de\/2023\/10\/25\/comau-praesentiert-sein-tragbares-robotik-portfolio-auf-der-aa-messe-in-deutschland\/#primaryimage\"},\"thumbnailUrl\":\"https:\/\/www.comau.com\/wp-content\/uploads\/2023\/10\/header-aanews-LIGHT.jpg\",\"articleSection\":[\"Highlights\"],\"inLanguage\":\"de\"},{\"@type\":\"WebPage\",\"@id\":\"https:\/\/www.comau.com\/de\/2023\/10\/25\/comau-praesentiert-sein-tragbares-robotik-portfolio-auf-der-aa-messe-in-deutschland\/\",\"url\":\"https:\/\/www.comau.com\/de\/2023\/10\/25\/comau-praesentiert-sein-tragbares-robotik-portfolio-auf-der-aa-messe-in-deutschland\/\",\"name\":\"Comau pr\u00e4sentiert sein tragbares Robotik-Portfolio auf der A+A Messe in Deutschland. - Comau\",\"isPartOf\":{\"@id\":\"https:\/\/www.comau.com\/de\/#website\"},\"primaryImageOfPage\":{\"@id\":\"https:\/\/www.comau.com\/de\/2023\/10\/25\/comau-praesentiert-sein-tragbares-robotik-portfolio-auf-der-aa-messe-in-deutschland\/#primaryimage\"},\"image\":{\"@id\":\"https:\/\/www.comau.com\/de\/2023\/10\/25\/comau-praesentiert-sein-tragbares-robotik-portfolio-auf-der-aa-messe-in-deutschland\/#primaryimage\"},\"thumbnailUrl\":\"https:\/\/www.comau.com\/wp-content\/uploads\/2023\/10\/header-aanews-LIGHT.jpg\",\"datePublished\":\"2023-10-25T13:37:50+00:00\",\"dateModified\":\"2023-10-30T14:36:07+00:00\",\"breadcrumb\":{\"@id\":\"https:\/\/www.comau.com\/de\/2023\/10\/25\/comau-praesentiert-sein-tragbares-robotik-portfolio-auf-der-aa-messe-in-deutschland\/#breadcrumb\"},\"inLanguage\":\"de\",\"potentialAction\":[{\"@type\":\"ReadAction\",\"target\":[\"https:\/\/www.comau.com\/de\/2023\/10\/25\/comau-praesentiert-sein-tragbares-robotik-portfolio-auf-der-aa-messe-in-deutschland\/\"]}]},{\"@type\":\"ImageObject\",\"inLanguage\":\"de\",\"@id\":\"https:\/\/www.comau.com\/de\/2023\/10\/25\/comau-praesentiert-sein-tragbares-robotik-portfolio-auf-der-aa-messe-in-deutschland\/#primaryimage\",\"url\":\"https:\/\/www.comau.com\/wp-content\/uploads\/2023\/10\/header-aanews-LIGHT.jpg\",\"contentUrl\":\"https:\/\/www.comau.com\/wp-content\/uploads\/2023\/10\/header-aanews-LIGHT.jpg\",\"width\":1844,\"height\":800},{\"@type\":\"BreadcrumbList\",\"@id\":\"https:\/\/www.comau.com\/de\/2023\/10\/25\/comau-praesentiert-sein-tragbares-robotik-portfolio-auf-der-aa-messe-in-deutschland\/#breadcrumb\",\"itemListElement\":[{\"@type\":\"ListItem\",\"position\":1,\"name\":\"Home\",\"item\":\"https:\/\/www.comau.com\/de\/\"},{\"@type\":\"ListItem\",\"position\":2,\"name\":\"Newsroom\",\"item\":\"https:\/\/www.comau.com\/de\/newsroom\/\"},{\"@type\":\"ListItem\",\"position\":3,\"name\":\"Comau pr\u00e4sentiert sein tragbares Robotik-Portfolio auf der A+A Messe in Deutschland.\"}]},{\"@type\":\"WebSite\",\"@id\":\"https:\/\/www.comau.com\/de\/#website\",\"url\":\"https:\/\/www.comau.com\/de\/\",\"name\":\"Comau\",\"description\":\"Industrial automation and robotics\",\"publisher\":{\"@id\":\"https:\/\/www.comau.com\/de\/#organization\"},\"potentialAction\":[{\"@type\":\"SearchAction\",\"target\":{\"@type\":\"EntryPoint\",\"urlTemplate\":\"https:\/\/www.comau.com\/de\/?s={search_term_string}\"},\"query-input\":{\"@type\":\"PropertyValueSpecification\",\"valueRequired\":true,\"valueName\":\"search_term_string\"}}],\"inLanguage\":\"de\"},{\"@type\":\"Organization\",\"@id\":\"https:\/\/www.comau.com\/de\/#organization\",\"name\":\"Comau\",\"url\":\"https:\/\/www.comau.com\/de\/\",\"logo\":{\"@type\":\"ImageObject\",\"inLanguage\":\"de\",\"@id\":\"https:\/\/www.comau.com\/de\/#\/schema\/logo\/image\/\",\"url\":\"https:\/\/www.comau.com\/wp-content\/uploads\/2024\/07\/cropped-Logo-COMAU.png\",\"contentUrl\":\"https:\/\/www.comau.com\/wp-content\/uploads\/2024\/07\/cropped-Logo-COMAU.png\",\"width\":434,\"height\":434,\"caption\":\"Comau\"},\"image\":{\"@id\":\"https:\/\/www.comau.com\/de\/#\/schema\/logo\/image\/\"},\"sameAs\":[\"https:\/\/www.facebook.com\/COMAU\/\",\"https:\/\/x.com\/comaugroup\",\"https:\/\/www.instagram.com\/comaugroup\/\",\"https:\/\/www.linkedin.com\/company\/comau\",\"https:\/\/www.youtube.com\/user\/comau\"]},{\"@type\":\"Person\",\"@id\":\"https:\/\/www.comau.com\/de\/#\/schema\/person\/8d0f87b1afedba851bdcbbff148b00f4\",\"name\":\"elena.bartolotti\",\"description\":\"Business Analyst\"}]}<\/script>\n<!-- \/ Yoast SEO plugin. -->","yoast_head_json":{"title":"Comau pr\u00e4sentiert sein tragbares Robotik-Portfolio auf der A+A Messe in Deutschland. - Comau","robots":{"index":"index","follow":"follow","max-snippet":"max-snippet:-1","max-image-preview":"max-image-preview:large","max-video-preview":"max-video-preview:-1"},"canonical":"https:\/\/www.comau.com\/de\/2023\/10\/25\/comau-praesentiert-sein-tragbares-robotik-portfolio-auf-der-aa-messe-in-deutschland\/","og_locale":"de_DE","og_type":"article","og_title":"Comau pr\u00e4sentiert sein tragbares Robotik-Portfolio auf der A+A Messe in Deutschland. - Comau","og_description":"D\u00fcsseldorf, 25. Oktober 2023 \u2013 Comau bringt sein Portfolio an tragbarer Robotik, erweitert um ein innovatives neues Exoskelett, auf die A+A 2023 (24.\u201327. Oktober in D\u00fcsseldorf, Deutschland). W\u00e4hrend der Messe wird das neue Comau MATE-XB vorgestellt. Das neue tragbare Ger\u00e4t, das den Bed\u00fcrfnissen von Arbeitern, die schwerf\u00e4llige Lasten bewegen, voll und ganz gerecht wird, indem [&hellip;]","og_url":"https:\/\/www.comau.com\/de\/2023\/10\/25\/comau-praesentiert-sein-tragbares-robotik-portfolio-auf-der-aa-messe-in-deutschland\/","og_site_name":"Comau","article_publisher":"https:\/\/www.facebook.com\/COMAU\/","article_published_time":"2023-10-25T13:37:50+00:00","article_modified_time":"2023-10-30T14:36:07+00:00","og_image":[{"width":1844,"height":800,"url":"https:\/\/www.comau.com\/wp-content\/uploads\/2023\/10\/header-aanews-LIGHT.jpg","type":"image\/jpeg"}],"author":"elena.bartolotti","twitter_card":"summary_large_image","twitter_creator":"@comaugroup","twitter_site":"@comaugroup","twitter_misc":{"Verfasst von":"elena.bartolotti","Gesch\u00e4tzte Lesezeit":"3\u00a0Minuten"},"schema":{"@context":"https:\/\/schema.org","@graph":[{"@type":"Article","@id":"https:\/\/www.comau.com\/de\/2023\/10\/25\/comau-praesentiert-sein-tragbares-robotik-portfolio-auf-der-aa-messe-in-deutschland\/#article","isPartOf":{"@id":"https:\/\/www.comau.com\/de\/2023\/10\/25\/comau-praesentiert-sein-tragbares-robotik-portfolio-auf-der-aa-messe-in-deutschland\/"},"author":{"name":"elena.bartolotti","@id":"https:\/\/www.comau.com\/de\/#\/schema\/person\/8d0f87b1afedba851bdcbbff148b00f4"},"headline":"Comau pr\u00e4sentiert sein tragbares Robotik-Portfolio auf der A+A Messe in Deutschland.","datePublished":"2023-10-25T13:37:50+00:00","dateModified":"2023-10-30T14:36:07+00:00","mainEntityOfPage":{"@id":"https:\/\/www.comau.com\/de\/2023\/10\/25\/comau-praesentiert-sein-tragbares-robotik-portfolio-auf-der-aa-messe-in-deutschland\/"},"wordCount":452,"publisher":{"@id":"https:\/\/www.comau.com\/de\/#organization"},"image":{"@id":"https:\/\/www.comau.com\/de\/2023\/10\/25\/comau-praesentiert-sein-tragbares-robotik-portfolio-auf-der-aa-messe-in-deutschland\/#primaryimage"},"thumbnailUrl":"https:\/\/www.comau.com\/wp-content\/uploads\/2023\/10\/header-aanews-LIGHT.jpg","articleSection":["Highlights"],"inLanguage":"de"},{"@type":"WebPage","@id":"https:\/\/www.comau.com\/de\/2023\/10\/25\/comau-praesentiert-sein-tragbares-robotik-portfolio-auf-der-aa-messe-in-deutschland\/","url":"https:\/\/www.comau.com\/de\/2023\/10\/25\/comau-praesentiert-sein-tragbares-robotik-portfolio-auf-der-aa-messe-in-deutschland\/","name":"Comau pr\u00e4sentiert sein tragbares Robotik-Portfolio auf der A+A Messe in Deutschland. - Comau","isPartOf":{"@id":"https:\/\/www.comau.com\/de\/#website"},"primaryImageOfPage":{"@id":"https:\/\/www.comau.com\/de\/2023\/10\/25\/comau-praesentiert-sein-tragbares-robotik-portfolio-auf-der-aa-messe-in-deutschland\/#primaryimage"},"image":{"@id":"https:\/\/www.comau.com\/de\/2023\/10\/25\/comau-praesentiert-sein-tragbares-robotik-portfolio-auf-der-aa-messe-in-deutschland\/#primaryimage"},"thumbnailUrl":"https:\/\/www.comau.com\/wp-content\/uploads\/2023\/10\/header-aanews-LIGHT.jpg","datePublished":"2023-10-25T13:37:50+00:00","dateModified":"2023-10-30T14:36:07+00:00","breadcrumb":{"@id":"https:\/\/www.comau.com\/de\/2023\/10\/25\/comau-praesentiert-sein-tragbares-robotik-portfolio-auf-der-aa-messe-in-deutschland\/#breadcrumb"},"inLanguage":"de","potentialAction":[{"@type":"ReadAction","target":["https:\/\/www.comau.com\/de\/2023\/10\/25\/comau-praesentiert-sein-tragbares-robotik-portfolio-auf-der-aa-messe-in-deutschland\/"]}]},{"@type":"ImageObject","inLanguage":"de","@id":"https:\/\/www.comau.com\/de\/2023\/10\/25\/comau-praesentiert-sein-tragbares-robotik-portfolio-auf-der-aa-messe-in-deutschland\/#primaryimage","url":"https:\/\/www.comau.com\/wp-content\/uploads\/2023\/10\/header-aanews-LIGHT.jpg","contentUrl":"https:\/\/www.comau.com\/wp-content\/uploads\/2023\/10\/header-aanews-LIGHT.jpg","width":1844,"height":800},{"@type":"BreadcrumbList","@id":"https:\/\/www.comau.com\/de\/2023\/10\/25\/comau-praesentiert-sein-tragbares-robotik-portfolio-auf-der-aa-messe-in-deutschland\/#breadcrumb","itemListElement":[{"@type":"ListItem","position":1,"name":"Home","item":"https:\/\/www.comau.com\/de\/"},{"@type":"ListItem","position":2,"name":"Newsroom","item":"https:\/\/www.comau.com\/de\/newsroom\/"},{"@type":"ListItem","position":3,"name":"Comau pr\u00e4sentiert sein tragbares Robotik-Portfolio auf der A+A Messe in Deutschland."}]},{"@type":"WebSite","@id":"https:\/\/www.comau.com\/de\/#website","url":"https:\/\/www.comau.com\/de\/","name":"Comau","description":"Industrial automation and robotics","publisher":{"@id":"https:\/\/www.comau.com\/de\/#organization"},"potentialAction":[{"@type":"SearchAction","target":{"@type":"EntryPoint","urlTemplate":"https:\/\/www.comau.com\/de\/?s={search_term_string}"},"query-input":{"@type":"PropertyValueSpecification","valueRequired":true,"valueName":"search_term_string"}}],"inLanguage":"de"},{"@type":"Organization","@id":"https:\/\/www.comau.com\/de\/#organization","name":"Comau","url":"https:\/\/www.comau.com\/de\/","logo":{"@type":"ImageObject","inLanguage":"de","@id":"https:\/\/www.comau.com\/de\/#\/schema\/logo\/image\/","url":"https:\/\/www.comau.com\/wp-content\/uploads\/2024\/07\/cropped-Logo-COMAU.png","contentUrl":"https:\/\/www.comau.com\/wp-content\/uploads\/2024\/07\/cropped-Logo-COMAU.png","width":434,"height":434,"caption":"Comau"},"image":{"@id":"https:\/\/www.comau.com\/de\/#\/schema\/logo\/image\/"},"sameAs":["https:\/\/www.facebook.com\/COMAU\/","https:\/\/x.com\/comaugroup","https:\/\/www.instagram.com\/comaugroup\/","https:\/\/www.linkedin.com\/company\/comau","https:\/\/www.youtube.com\/user\/comau"]},{"@type":"Person","@id":"https:\/\/www.comau.com\/de\/#\/schema\/person\/8d0f87b1afedba851bdcbbff148b00f4","name":"elena.bartolotti","description":"Business Analyst"}]}},"_links":{"self":[{"href":"https:\/\/www.comau.com\/de\/wp-json\/wp\/v2\/posts\/57934","targetHints":{"allow":["GET"]}}],"collection":[{"href":"https:\/\/www.comau.com\/de\/wp-json\/wp\/v2\/posts"}],"about":[{"href":"https:\/\/www.comau.com\/de\/wp-json\/wp\/v2\/types\/post"}],"author":[{"embeddable":true,"href":"https:\/\/www.comau.com\/de\/wp-json\/wp\/v2\/users\/4"}],"replies":[{"embeddable":true,"href":"https:\/\/www.comau.com\/de\/wp-json\/wp\/v2\/comments?post=57934"}],"version-history":[{"count":1,"href":"https:\/\/www.comau.com\/de\/wp-json\/wp\/v2\/posts\/57934\/revisions"}],"predecessor-version":[{"id":57935,"href":"https:\/\/www.comau.com\/de\/wp-json\/wp\/v2\/posts\/57934\/revisions\/57935"}],"wp:featuredmedia":[{"embeddable":true,"href":"https:\/\/www.comau.com\/de\/wp-json\/wp\/v2\/media\/57900"}],"wp:attachment":[{"href":"https:\/\/www.comau.com\/de\/wp-json\/wp\/v2\/media?parent=57934"}],"wp:term":[{"taxonomy":"category","embeddable":true,"href":"https:\/\/www.comau.com\/de\/wp-json\/wp\/v2\/categories?post=57934"},{"taxonomy":"post_tag","embeddable":true,"href":"https:\/\/www.comau.com\/de\/wp-json\/wp\/v2\/tags?post=57934"}],"curies":[{"name":"wp","href":"https:\/\/api.w.org\/{rel}","templated":true}]}}